{"id":1001,"date":"2025-01-13T05:00:41","date_gmt":"2025-01-13T05:00:41","guid":{"rendered":"https:\/\/naujienaplius.lt\/index.php\/2025\/01\/13\/komisijos-narys-sefcovic-lankosi-ppo-kad-patvirtintu-es-isipareigojima-del-taisyklemis-pagristos-prekybos\/"},"modified":"2025-01-13T05:00:41","modified_gmt":"2025-01-13T05:00:41","slug":"komisijos-narys-sefcovic-lankosi-ppo-kad-patvirtintu-es-isipareigojima-del-taisyklemis-pagristos-prekybos","status":"publish","type":"post","link":"https:\/\/naujienaplius.lt\/index.php\/2025\/01\/13\/komisijos-narys-sefcovic-lankosi-ppo-kad-patvirtintu-es-isipareigojima-del-taisyklemis-pagristos-prekybos\/","title":{"rendered":"Komisijos narys \u0160ef\u010dovi\u010d lankosi PPO, kad patvirtint\u0173 ES \u012fsipareigojim\u0105 d\u0117l taisykl\u0117mis pagr\u012fstos prekybos"},"content":{"rendered":"<p> <br \/>\n<\/p>\n<div id=\"mvp-content-main\">\n<p><strong><em>Prekybos ir ekonominio saugumo komisaras Maro\u0161as \u0160ef\u010dovi\u010dius <\/em>(nuotraukoje) <em>i\u0161vyko \u012f \u017denev\u0105 susitikti su pagrindin\u0117mis Pasaulio prekybos organizacijos (PPO) suinteresuotosiomis \u0161alimis ir dar kart\u0105 patvirtinti Europos S\u0105jungos param\u0105 daugia\u0161alei prekybos sistemai ir esmin\u012f organizacijos vaidmen\u012f pasaulin\u0117je prekyboje. Vizito metu Komisijos narys \u0160ef\u010dovi\u010d susitiks su PPO generaliniu direktoriumi dr. Ngozi Okonio-Iweala, kad perteikt\u0173 Europos param\u0105 jo pastangoms pritaikyti PPO prie besikei\u010dian\u010di\u0173 \u0161iandienos politini\u0173 ir ekonomini\u0173 i\u0161\u0161\u016bki\u0173. \u0160is auk\u0161to lygio \u012fsipareigojimas sustiprina ES reformuotos PPO vizij\u0105, kuri i\u0161lieka kertiniu pasaulin\u0117s prekybos valdymo akmeniu ir duoda ap\u010diuopiamos naudos viso pasaulio ekonomikoms. \u0160is vizitas vyksta itin svarbiu pasaulinei prekybai metu, kai PPO susiduria su keliais i\u0161\u0161\u016bkiais, \u012fskaitant gin\u010d\u0173 sprendimo, paj\u0117gum\u0173 pertekliaus problem\u0105 ir kit\u0173 pagrindini\u0173 reform\u0173 \u012fgyvendinim\u0105.<\/em><\/strong><\/p>\n<p>Komisijos narys \u0160ef\u010dovi\u010d sak\u0117: \u201eES i\u0161lieka taisykl\u0117mis pagr\u012fsto tarptautinio bendradarbiavimo pasaulin\u0117 \u010dempion\u0117. \u0160tai kod\u0117l esame \u012fsipareigoj\u0119 sukurti gerai veikian\u010di\u0105 ir atgaivint\u0105 Pasaulio prekybos organizacij\u0105. Kad PPO i\u0161likt\u0173 svarbiausiu pasaulin\u0117s prekybos sistemos forumu, ji turi spr\u0119sti visas problemas, su kuriomis susiduriame dabartin\u0117je prekybos sistemoje, vis\u0173 naudai.<\/p>\n<p>Be to, kaip ir verslas, prekyba klesti d\u0117l nusp\u0117jamumo ir s\u0105\u017eining\u0173 taisykli\u0173. Komisija teb\u0117ra \u012fsipareigojusi skatinti tarptautin\u012f bendradarbiavim\u0105 ir spr\u0119sti neatid\u0117liotinas pasaulin\u0117s prekybos i\u0161\u0161\u016bkius. Prekyba sudaro beveik ketvirtadal\u012f ES BVP, o nusp\u0117jamos ir atviros prekybos aplinkos u\u017etikrinimas yra labai svarbus ES konkurencingumui.<\/p>\n<p style=\"font-family: Oswald; text-transform: uppercase; padding-top: 7px; font-weight: 500;padding-right: 10px; margin-bottom: 5px !important;\">Pasidalinkite \u0161iuo straipsniu:<\/p>\n<p><!-- AddThis Advanced Settings above via filter on the_content --><!-- AddThis Advanced Settings below via filter on the_content --><!-- AddThis Advanced Settings generic via filter on the_content --><!-- AddThis Share Buttons above via filter on the_content --><!-- AddThis Share Buttons below via filter on the_content --><!-- AddThis Share Buttons generic via filter on the_content -->\t\t\t\t\t\t\t\t\t\t\t\t\t\t\t\t\t\t\t\t\t\t\t\t\t\t\t<\/div>\n<div id=\"mvp-content-bot\">\n\t\t\t\t\t\t\t\t\t\t\t\t\t\t\t\t\t\t\t\t\t\t\t\t\t\t\t\t<!--mvp-post-tags--><\/p>\n<p><h6>EU Reporter publikuoja straipsnius i\u0161 \u012fvairi\u0173 i\u0161orini\u0173 \u0161altini\u0173, kuriuose i\u0161rei\u0161kiamas platus po\u017ei\u016bri\u0173 spektras. \u0160iuose straipsniuose pateiktos pozicijos neb\u016btinai yra ES Reporterio pozicijos.<\/h6>\n<\/p>\n<p>\t\t\t\t\t\t\t\t\t\t\t\t\t\t<!-- Footer Google Ads --><\/p>\n<p>\t\t\t\t\t\t\t\t\t\t\t\t\t\t<!--posts-nav-link--><br \/>\n\t\t\t\t\t\t\t\t\t\t\t\t\t\t\t\t\t\t\t\t\t\t\t\t\t\t\t\t\t<!--mvp-prev-next-wrap--><\/p>\n<div class=\"mvp-org-wrap\" itemprop=\"publisher\" itemscope=\"\" itemtype=\"https:\/\/schema.org\/Organization\">\n<div class=\"mvp-org-logo\" itemprop=\"logo\" itemscope=\"\" itemtype=\"https:\/\/schema.org\/ImageObject\">\n\t\t\t\t\t\t\t\t\t\t\t\t\t\t\t\t\t\t\t\t\t\t\t\t\t\t\t\t\t\t\t\t\t<br \/>\n\t\t\t\t\t\t\t\t\t\t\t\t\t\t\t\t\t<meta itemprop=\"url\" content=\"https:\/\/www.eureporter.co\/wp-content\/uploads\/2020\/09\/header.png\"\/>\n\t\t\t\t\t\t\t\t\t\t\t\t\t\t\t\t\t\t\t\t\t\t\t\t\t\t\t\t\t\t\t<\/div>\n<p><!--mvp-org-logo--><br \/>\n\t\t\t\t\t\t\t\t\t\t\t\t\t\t\t<meta itemprop=\"name\" content=\"EU Reporter\"\/>\n\t\t\t\t\t\t\t\t\t\t\t\t\t\t<\/div>\n<p><!--mvp-org-wrap-->\n\t\t\t\t\t\t\t\t\t\t\t\t\t<\/div>\n<p><script>\n  !function(f,b,e,v,n,t,s)\n  {if(f.fbq)return;n=f.fbq=function(){n.callMethod?\n  n.callMethod.apply(n,arguments):n.queue.push(arguments)};\n  if(!f._fbq)f._fbq=n;n.push=n;n.loaded=!0;n.version='2.0';\n  n.queue=();t=b.createElement(e);t.async=!0;\n  t.src=v;s=b.getElementsByTagName(e)(0);\n  s.parentNode.insertBefore(t,s)}(window, document,'script',\n  'https:\/\/connect.facebook.net\/en_US\/fbevents.js');\n  fbq('init', '983499669057919');\n  fbq('track', 'PageView');\n<\/script><br \/>\n<br \/><br \/>\n<br \/><a href=\"https:\/\/www.eureporter.co\/world\/world-trade-organization-wto\/2025\/01\/10\/commissioner-sefcovic-visits-the-wto-to-reaffirm-eu-commitment-to-rules-based-trade\/\">Source link <\/a><\/p>\n","protected":false},"excerpt":{"rendered":"<p>Prekybos ir ekonominio saugumo komisaras Maro\u0161as \u0160ef\u010dovi\u010dius (nuotraukoje) i\u0161vyko \u012f \u017denev\u0105 susitikti su pagrindin\u0117mis Pasaulio prekybos organizacijos (PPO) suinteresuotosiomis \u0161alimis&hellip;<\/p>\n","protected":false},"author":1,"featured_media":1002,"comment_status":"","ping_status":"","sticky":false,"template":"","format":"standard","meta":{"om_disable_all_campaigns":false,"_monsterinsights_skip_tracking":false,"_monsterinsights_sitenote_active":false,"_monsterinsights_sitenote_note":"","_monsterinsights_sitenote_category":0,"footnotes":""},"categories":[208],"tags":[59,2609,262,1004,2606,2604,2611,2608,2607,1155,2605,2610],"class_list":["post-1001","post","type-post","status-publish","format-standard","has-post-thumbnail","hentry","category-zinios-is-europos","tag-del","tag-isipareigojima","tag-kad","tag-komisijos","tag-lankosi","tag-narys","tag-pagristos","tag-patvirtintu","tag-ppo","tag-prekybos","tag-sefcovic","tag-taisyklemis"],"aioseo_notices":[],"_links":{"self":[{"href":"https:\/\/naujienaplius.lt\/index.php\/wp-json\/wp\/v2\/posts\/1001","targetHints":{"allow":["GET"]}}],"collection":[{"href":"https:\/\/naujienaplius.lt\/index.php\/wp-json\/wp\/v2\/posts"}],"about":[{"href":"https:\/\/naujienaplius.lt\/index.php\/wp-json\/wp\/v2\/types\/post"}],"author":[{"embeddable":true,"href":"https:\/\/naujienaplius.lt\/index.php\/wp-json\/wp\/v2\/users\/1"}],"replies":[{"embeddable":true,"href":"https:\/\/naujienaplius.lt\/index.php\/wp-json\/wp\/v2\/comments?post=1001"}],"version-history":[{"count":0,"href":"https:\/\/naujienaplius.lt\/index.php\/wp-json\/wp\/v2\/posts\/1001\/revisions"}],"wp:featuredmedia":[{"embeddable":true,"href":"https:\/\/naujienaplius.lt\/index.php\/wp-json\/wp\/v2\/media\/1002"}],"wp:attachment":[{"href":"https:\/\/naujienaplius.lt\/index.php\/wp-json\/wp\/v2\/media?parent=1001"}],"wp:term":[{"taxonomy":"category","embeddable":true,"href":"https:\/\/naujienaplius.lt\/index.php\/wp-json\/wp\/v2\/categories?post=1001"},{"taxonomy":"post_tag","embeddable":true,"href":"https:\/\/naujienaplius.lt\/index.php\/wp-json\/wp\/v2\/tags?post=1001"}],"curies":[{"name":"wp","href":"https:\/\/api.w.org\/{rel}","templated":true}]}}