{"id":1008,"date":"2025-01-13T17:22:18","date_gmt":"2025-01-13T17:22:18","guid":{"rendered":"https:\/\/naujienaplius.lt\/index.php\/2025\/01\/13\/abbottas-isako-visam-personalui-iskelti-veliavas-trumpo-inauguracijos-proga-nepaisant-vieno-menesio-isakymo-pagerbti-carteria\/"},"modified":"2025-01-13T17:22:18","modified_gmt":"2025-01-13T17:22:18","slug":"abbottas-isako-visam-personalui-iskelti-veliavas-trumpo-inauguracijos-proga-nepaisant-vieno-menesio-isakymo-pagerbti-carteria","status":"publish","type":"post","link":"https:\/\/naujienaplius.lt\/index.php\/2025\/01\/13\/abbottas-isako-visam-personalui-iskelti-veliavas-trumpo-inauguracijos-proga-nepaisant-vieno-menesio-isakymo-pagerbti-carteria\/","title":{"rendered":"Abbottas \u012fsako visam personalui i\u0161kelti v\u0117liavas Trumpo inauguracijos proga, nepaisant vieno m\u0117nesio \u012fsakymo pagerbti Carteri\u0105"},"content":{"rendered":"<p> <br \/>\n<\/p>\n<div>\n<div class=\"article-gating gated-overlay\">\n<div class=\"article-gating-wrapper\">\n<p>Prisijunkite prie \u201eFox News\u201c, kad gal\u0117tum\u0117te pasiekti \u0161\u012f turin\u012f<\/p>\n<p>Be to, speciali prieiga prie pasirinkt\u0173 straipsni\u0173 ir kito auk\u0161\u010diausios kokyb\u0117s turinio su savo paskyra \u2013 nemokama.<\/p>\n<div class=\"article-gating-legal tablet-desktop\">\u012evesdami el. pa\u0161to adres\u0105 ir paspausdami t\u0119sti, j\u016bs sutinkate su \u201eFox News\u201c naudojimo s\u0105lygomis ir privatumo politika, \u012f kuri\u0105 \u012ftrauktas prane\u0161imas apie finansines paskatas.\n    <\/div>\n<p><span>\u012eveskite galiojant\u012f el. pa\u0161to adres\u0105.<\/span><\/p>\n<footer class=\"article-gating-footer\">Turite problem\u0173? Spauskite \u010dia.<\/footer>\n<\/div>\n<\/div>\n<p class=\"speakable\">Teksaso gubernatorius Gregas Abbottas pirmadien\u012f paskelb\u0117, kad v\u0117liavos prie valstijos Kapitolijaus pastato Ostine ir visuose valstijos biur\u0173 pastatuose kit\u0105 pirmadien\u012f, sausio 20 d., bus pakeltos iki vis\u0173 darbuotoj\u0173, minint i\u0161rinktojo prezidento Trumpo inauguracij\u0105.<\/p>\n<p class=\"speakable\">Toks \u017eingsnis buvo priimtas nepaisant oficialaus prezidento Bideno \u012fsakymo po buvusio prezidento Jimmy Carterio mirties gruod\u017eio 29 d., kad v\u0117liavos visoje \u0161alyje plev\u0117suot\u0173 su puse \u0161tabo 30 dien\u0173 gedulo laikotarpiu.<\/p>\n<p>Abbottas savo prane\u0161ime teig\u0117, kad \u201esausio 20 d. m\u016bs\u0173 did\u017eioji tauta \u0161v\u0119s m\u016bs\u0173 demokratin\u0119 tradicij\u0105 perduoti vald\u017ei\u0105 naujam prezidentui, inauguraudama 47-\u0105j\u012f Jungtini\u0173 Valstij\u0173 prezident\u0105 Donald\u0105 J. Trump\u0105. Kai vienijame savo \u0161al\u012f ir pradedame tai padaryti. nauj\u0105 vadovavimo er\u0105, \u012fsakiau visas v\u0117liavas i\u0161kelti Teksaso kapitolijuje ir visuose valstijos pastatuose per prezidento Trumpo inauguracij\u0105.<\/p>\n<p><strong>SPAUSKITE \u010cIA, nor\u0117dami pamatyti NAUJAUSIUS FOX NAUJIEN\u0172 ATASKAITUS APIE TRUMPO PER\u0116JIM\u0104 IR INAUGRACIJ\u0104<\/strong><\/p>\n<div class=\"image-ct inline\">\n<div class=\"m\"><picture><source media=\"(max-width: 767px)\" srcset=\"https:\/\/a57.foxnews.com\/static.foxnews.com\/foxnews.com\/content\/uploads\/2021\/06\/343\/192\/Trump-Border-AP-3.jpg?ve=1&amp;tl=1, https:\/\/a57.foxnews.com\/static.foxnews.com\/foxnews.com\/content\/uploads\/2021\/06\/686\/384\/Trump-Border-AP-3.jpg?ve=1&amp;tl=1 2x\" height=\"192\" width=\"343\"><source media=\"(min-width: 768px) and (max-width: 1023px)\" srcset=\"https:\/\/a57.foxnews.com\/static.foxnews.com\/foxnews.com\/content\/uploads\/2021\/06\/672\/378\/Trump-Border-AP-3.jpg?ve=1&amp;tl=1, https:\/\/a57.foxnews.com\/static.foxnews.com\/foxnews.com\/content\/uploads\/2021\/06\/1344\/756\/Trump-Border-AP-3.jpg?ve=1&amp;tl=1 2x\" height=\"378\" width=\"672\"><source media=\"(min-width: 1024px) and (max-width: 1279px)\" srcset=\"https:\/\/a57.foxnews.com\/static.foxnews.com\/foxnews.com\/content\/uploads\/2021\/06\/931\/523\/Trump-Border-AP-3.jpg?ve=1&amp;tl=1, https:\/\/a57.foxnews.com\/static.foxnews.com\/foxnews.com\/content\/uploads\/2021\/06\/1862\/1046\/Trump-Border-AP-3.jpg?ve=1&amp;tl=1 2x\" height=\"523\" width=\"931\"><source media=\"(min-width: 1280px)\" srcset=\"https:\/\/a57.foxnews.com\/static.foxnews.com\/foxnews.com\/content\/uploads\/2021\/06\/720\/405\/Trump-Border-AP-3.jpg?ve=1&amp;tl=1, https:\/\/a57.foxnews.com\/static.foxnews.com\/foxnews.com\/content\/uploads\/2021\/06\/1440\/810\/Trump-Border-AP-3.jpg?ve=1&amp;tl=1 2x\" height=\"405\" width=\"720\"><\/source><\/source><\/source><\/source><\/picture><\/div>\n<div class=\"info\">\n<div class=\"caption\">\n<p><span>Teksaso gubernatorius Gregas Abbottas ir buv\u0119s prezidentas Trumpas 2021 m. bir\u017eelio 30 d. Veslake, Teksase, dalyvauja instrukta\u017ee su valstyb\u0117s pareig\u016bnais ir teis\u0117sauga, prie\u0161 ap\u017ei\u016br\u0117dami JAV ir Meksikos sienos sien\u0105.<\/span> <span>(Jabinas Botsfordas \/ \u201eThe Washington Post\u201c per AP, baseinas)<\/span><\/p>\n<\/div>\n<\/div>\n<\/div>\n<p>\u201eNors gerbiame buvusio prezidento tarnyb\u0105, taip pat turime \u0161v\u0119sti b\u016bsimo prezidento tarnyst\u0119 ir \u0161viesi\u0105 Jungtini\u0173 Amerikos Valstij\u0173 ateit\u012f\u201c, \u2013 prid\u016br\u0117 tris kadencijas Teksaso gubernatorius, konservatorius.<\/p>\n<p><strong>PER\u017dI\u016aR\u0116KITE TRUMPO PASIRINKIMUS AUK\u0160\u010cIAUSIOMS SPINTEL\u0116MS IR ADMINISTRAVIMO POZICIJOMS<\/strong><\/p>\n<p>\u201eAbbott\u201c patar\u0117jas \u201eFox News\u201c sak\u0117, kad v\u0117liavos prie Teksaso Kapitolijaus ir valstij\u0173 biur\u0173 bus atnaujintos sausio 21 d.<\/p>\n<div class=\"image-ct inline\">\n<div class=\"m\"><picture><source media=\"(max-width: 767px)\" srcset=\"https:\/\/a57.foxnews.com\/static.foxnews.com\/foxnews.com\/content\/uploads\/2025\/01\/343\/192\/carter-casket.jpg?ve=1&amp;tl=1, https:\/\/a57.foxnews.com\/static.foxnews.com\/foxnews.com\/content\/uploads\/2025\/01\/686\/384\/carter-casket.jpg?ve=1&amp;tl=1 2x\" height=\"192\" width=\"343\"><source media=\"(min-width: 768px) and (max-width: 1023px)\" srcset=\"https:\/\/a57.foxnews.com\/static.foxnews.com\/foxnews.com\/content\/uploads\/2025\/01\/672\/378\/carter-casket.jpg?ve=1&amp;tl=1, https:\/\/a57.foxnews.com\/static.foxnews.com\/foxnews.com\/content\/uploads\/2025\/01\/1344\/756\/carter-casket.jpg?ve=1&amp;tl=1 2x\" height=\"378\" width=\"672\"><source media=\"(min-width: 1024px) and (max-width: 1279px)\" srcset=\"https:\/\/a57.foxnews.com\/static.foxnews.com\/foxnews.com\/content\/uploads\/2025\/01\/931\/523\/carter-casket.jpg?ve=1&amp;tl=1, https:\/\/a57.foxnews.com\/static.foxnews.com\/foxnews.com\/content\/uploads\/2025\/01\/1862\/1046\/carter-casket.jpg?ve=1&amp;tl=1 2x\" height=\"523\" width=\"931\"><source media=\"(min-width: 1280px)\" srcset=\"https:\/\/a57.foxnews.com\/static.foxnews.com\/foxnews.com\/content\/uploads\/2025\/01\/720\/405\/carter-casket.jpg?ve=1&amp;tl=1, https:\/\/a57.foxnews.com\/static.foxnews.com\/foxnews.com\/content\/uploads\/2025\/01\/1440\/810\/carter-casket.jpg?ve=1&amp;tl=1 2x\" height=\"405\" width=\"720\"><img loading=\"lazy\" decoding=\"async\" src=\"https:\/\/a57.foxnews.com\/static.foxnews.com\/foxnews.com\/content\/uploads\/2025\/01\/1200\/675\/carter-casket.jpg?ve=1&amp;tl=1\" alt=\"buvusio prezidento Jimmy Carterio karstas\" width=\"1200\" height=\"675\"\/><\/source><\/source><\/source><\/source><\/picture><\/div>\n<div class=\"info\">\n<div class=\"caption\">\n<p><span>V\u0117liava apklijuotas buvusio prezidento Jimmy Carterio karstas perne\u0161amas \u012f Nacionalin\u0119 katedr\u0105 laidotuv\u0117ms, ketvirtadien\u012f, 2025 m. sausio 9 d., Va\u0161ingtone, Kolumbijos apygardoje.<\/span> <span>(AP nuotrauka \/ Markas Schiefelbeinas)<\/span><\/p>\n<\/div>\n<\/div>\n<\/div>\n<p>\u201eTeksasas ir toliau gedi su m\u016bs\u0173 kolegomis amerikie\u010diais visoje \u0161alyje d\u0117l buvusio prezidento Jimmy Carterio mirties\u201c, \u2013 sakoma Abbottas parei\u0161kime. \u201eTvirta prezidento Carterio vadovyb\u0117 paliko ilgalaik\u012f palikim\u0105, kuris bus juntamas ateinan\u010dioms kartoms, kurias kartu, kaip taut\u0105, gerbiame 30 dien\u0173 i\u0161keldami v\u0117liavas su puse etato.<\/p>\n<p><strong>PIRMOJI \u201eFOX\u201c: PASIEKIA DID\u017dIAUSIAS PASI\u016aLYM\u0104 APSAUGINTI, PL\u0116STI TRUMPO MOKES\u010cI\u0172 MA\u017dINIMUS<\/strong><\/p>\n<p>Remiantis JAV v\u0117liavos kodeksu, JAV v\u0117liavos 30 dien\u0173 plev\u0117suoja su puse etato, pa\u017eymint dabartinio ar buvusio prezidento mirt\u012f, prie federalin\u0117s vyriausyb\u0117s pastat\u0173, karini\u0173 \u012frengini\u0173 ir laiv\u0173, taip pat prie JAV ambasad\u0173 ir kit\u0173 objekt\u0173 aplinkui. pasaulis.<\/p>\n<div class=\"image-ct inline\">\n<div class=\"m\"><picture><source media=\"(max-width: 767px)\" srcset=\"https:\/\/a57.foxnews.com\/static.foxnews.com\/foxnews.com\/content\/uploads\/2025\/01\/343\/192\/flags-half-staff-for-carter-scaled.jpg?ve=1&amp;tl=1, https:\/\/a57.foxnews.com\/static.foxnews.com\/foxnews.com\/content\/uploads\/2025\/01\/686\/384\/flags-half-staff-for-carter-scaled.jpg?ve=1&amp;tl=1 2x\" height=\"192\" width=\"343\"><source media=\"(min-width: 768px) and (max-width: 1023px)\" srcset=\"https:\/\/a57.foxnews.com\/static.foxnews.com\/foxnews.com\/content\/uploads\/2025\/01\/672\/378\/flags-half-staff-for-carter-scaled.jpg?ve=1&amp;tl=1, https:\/\/a57.foxnews.com\/static.foxnews.com\/foxnews.com\/content\/uploads\/2025\/01\/1344\/756\/flags-half-staff-for-carter-scaled.jpg?ve=1&amp;tl=1 2x\" height=\"378\" width=\"672\"><source media=\"(min-width: 1024px) and (max-width: 1279px)\" srcset=\"https:\/\/a57.foxnews.com\/static.foxnews.com\/foxnews.com\/content\/uploads\/2025\/01\/931\/523\/flags-half-staff-for-carter-scaled.jpg?ve=1&amp;tl=1, https:\/\/a57.foxnews.com\/static.foxnews.com\/foxnews.com\/content\/uploads\/2025\/01\/1862\/1046\/flags-half-staff-for-carter-scaled.jpg?ve=1&amp;tl=1 2x\" height=\"523\" width=\"931\"><source media=\"(min-width: 1280px)\" srcset=\"https:\/\/a57.foxnews.com\/static.foxnews.com\/foxnews.com\/content\/uploads\/2025\/01\/720\/405\/flags-half-staff-for-carter-scaled.jpg?ve=1&amp;tl=1, https:\/\/a57.foxnews.com\/static.foxnews.com\/foxnews.com\/content\/uploads\/2025\/01\/1440\/810\/flags-half-staff-for-carter-scaled.jpg?ve=1&amp;tl=1 2x\" height=\"405\" width=\"720\"><img loading=\"lazy\" decoding=\"async\" src=\"https:\/\/a57.foxnews.com\/static.foxnews.com\/foxnews.com\/content\/uploads\/2025\/01\/1200\/675\/flags-half-staff-for-carter-scaled.jpg?ve=1&amp;tl=1\" alt=\"V\u0117liavos S\u0105jungos stotyje DC\" width=\"1200\" height=\"675\"\/><\/source><\/source><\/source><\/source><\/picture><\/div>\n<div class=\"info\">\n<div class=\"caption\">\n<p><span>2025 m. sausio 6 d., pirmadien\u012f, S\u0105jungos stotyje Va\u0161ingtone buvusio prezidento Jimmy Carterio garbei plev\u0117suoja v\u0117liavos.<\/span> <span>(AP nuotrauka \/ Mattas Rourke&#8217;as)<\/span><\/p>\n<\/div>\n<\/div>\n<\/div>\n<p>Kadangi JAV v\u0117liavos kodeksas numato, kad jokia v\u0117liava netur\u0117t\u0173 plev\u0117suoti auk\u0161\u010diau u\u017e Amerikos v\u0117liav\u0105 ant t\u0173 pa\u010di\u0173 ar netoliese esan\u010di\u0173 stulp\u0173, valstij\u0173 v\u0117liavos taip pat nuleid\u017eiamos tokiais gedulo laikotarpiais.<\/p>\n<p><strong><u>SPAUSKITE \u010cIA, KAD GAUTI FOX NAUJIEN\u0172 PROGRAM\u0104<\/u><\/strong><\/p>\n<p>Trumpas anks\u010diau \u0161\u012f m\u0117nes\u012f socialin\u0117je \u017einiasklaidoje tvirtino, kad \u201evisi demokratai svaigsta\u201c d\u0117l v\u0117liav\u0173, kurios per jo inauguracij\u0105 buvo i\u0161keltos pusiau \u0161tabo.<\/p>\n<p>\u201eNiekas nenori to matyti\u201c, \u2013 gin\u010dijosi D. Trumpas. &#8222;N\u0117 vienas amerikietis negali tuo d\u017eiaugtis. Pa\u017ei\u016br\u0117kime, kaip viskas seksis. PADARYK AMERIK\u0104 V\u0116L PUIKI!&#8221;<\/p>\n<p>JAV v\u0117liavos kodas n\u0117ra privalomas, o tai rei\u0161kia, kad Trumpas gali techni\u0161kai j\u012f nepaisyti, kai bus inauguruotas prezidentu.<\/p>\n<\/div>\n<p><br \/>\n<br \/><a href=\"https:\/\/www.foxnews.com\/politics\/abbott-orders-flags-full-staff-trumps-inauguration-despite-month-order-honor-carter\">Source link <\/a><\/p>\n","protected":false},"excerpt":{"rendered":"<p>Prisijunkite prie \u201eFox News\u201c, kad gal\u0117tum\u0117te pasiekti \u0161\u012f turin\u012f Be to, speciali prieiga prie pasirinkt\u0173 straipsni\u0173 ir kito auk\u0161\u010diausios kokyb\u0117s&hellip;<\/p>\n","protected":false},"author":1,"featured_media":1009,"comment_status":"","ping_status":"","sticky":false,"template":"","format":"standard","meta":{"om_disable_all_campaigns":false,"_monsterinsights_skip_tracking":false,"_monsterinsights_sitenote_active":false,"_monsterinsights_sitenote_note":"","_monsterinsights_sitenote_category":0,"footnotes":""},"categories":[168],"tags":[2626,2635,2632,2627,2634,2630,2290,1999,1705,2629,2633,342,2631,2374,2628],"class_list":["post-1008","post","type-post","status-publish","format-standard","has-post-thumbnail","hentry","category-pasaulio-naujienos","tag-abbottas","tag-carteria","tag-inauguracijos","tag-isako","tag-isakymo","tag-iskelti","tag-menesio","tag-nepaisant","tag-pagerbti","tag-personalui","tag-proga","tag-trumpo","tag-veliavas","tag-vieno","tag-visam"],"aioseo_notices":[],"_links":{"self":[{"href":"https:\/\/naujienaplius.lt\/index.php\/wp-json\/wp\/v2\/posts\/1008","targetHints":{"allow":["GET"]}}],"collection":[{"href":"https:\/\/naujienaplius.lt\/index.php\/wp-json\/wp\/v2\/posts"}],"about":[{"href":"https:\/\/naujienaplius.lt\/index.php\/wp-json\/wp\/v2\/types\/post"}],"author":[{"embeddable":true,"href":"https:\/\/naujienaplius.lt\/index.php\/wp-json\/wp\/v2\/users\/1"}],"replies":[{"embeddable":true,"href":"https:\/\/naujienaplius.lt\/index.php\/wp-json\/wp\/v2\/comments?post=1008"}],"version-history":[{"count":0,"href":"https:\/\/naujienaplius.lt\/index.php\/wp-json\/wp\/v2\/posts\/1008\/revisions"}],"wp:featuredmedia":[{"embeddable":true,"href":"https:\/\/naujienaplius.lt\/index.php\/wp-json\/wp\/v2\/media\/1009"}],"wp:attachment":[{"href":"https:\/\/naujienaplius.lt\/index.php\/wp-json\/wp\/v2\/media?parent=1008"}],"wp:term":[{"taxonomy":"category","embeddable":true,"href":"https:\/\/naujienaplius.lt\/index.php\/wp-json\/wp\/v2\/categories?post=1008"},{"taxonomy":"post_tag","embeddable":true,"href":"https:\/\/naujienaplius.lt\/index.php\/wp-json\/wp\/v2\/tags?post=1008"}],"curies":[{"name":"wp","href":"https:\/\/api.w.org\/{rel}","templated":true}]}}