{"id":1030,"date":"2025-01-15T05:06:25","date_gmt":"2025-01-15T05:06:25","guid":{"rendered":"https:\/\/naujienaplius.lt\/index.php\/2025\/01\/15\/es-siltnamio-efekta-sukelianciu-duju-emisija-sumazejo-7-proc-2023-m\/"},"modified":"2025-01-15T05:06:25","modified_gmt":"2025-01-15T05:06:25","slug":"es-siltnamio-efekta-sukelianciu-duju-emisija-sumazejo-7-proc-2023-m","status":"publish","type":"post","link":"https:\/\/naujienaplius.lt\/index.php\/2025\/01\/15\/es-siltnamio-efekta-sukelianciu-duju-emisija-sumazejo-7-proc-2023-m\/","title":{"rendered":"ES \u0161iltnamio efekt\u0105 sukelian\u010di\u0173 duj\u0173 emisija suma\u017e\u0117jo 7 proc., 2023 m"},"content":{"rendered":"<p> <br \/>\n<\/p>\n<div id=\"mvp-content-main\">\n<p><strong><em>2023 m. ES \u0161iltnamio efekt\u0105 sukelian\u010di\u0173 duj\u0173 i\u0161metimas i\u0161 ekonomin\u0117s veiklos ir nam\u0173 \u016bki\u0173 sudar\u0117 3,4 mlrd. ton\u0173 CO.<sub>2<\/sub> ekvivalentai. Tai rei\u0161kia 7 % suma\u017e\u0117jim\u0105, palyginti su 2022 m., ir 18 % suma\u017e\u0117jim\u0105, palyginti su 2013 m.<\/em><\/strong><\/p>\n<p>2013\u20132023 metais beveik visos ekonomin\u0117s veiklos r\u016b\u0161i\u0173 gamintojai suma\u017eino \u0161iltnamio efekt\u0105 sukelian\u010di\u0173 duj\u0173 emisij\u0105. Elektros, duj\u0173, garo tiekimas ir oro kondicionavimas pasiek\u0117 did\u017eiausi\u0105 nuosmuk\u012f ir did\u017eiausi\u0105 bendr\u0105 suma\u017e\u0117jim\u0105 \u2013 suma\u017e\u0117jo 43 % (448 mln. ton\u0173 CO.<sub>2<\/sub> ekvivalentai). Per \u0161\u012f laikotarp\u012f dvi\u017eenklis suma\u017e\u0117jimas buvo u\u017efiksuotas ir kitose 3 ekonomin\u0117se veiklose: kasybos ir karjer\u0173 eksploatavimo (-25 proc., 18 mln. ton\u0173 CO<sub>2<\/sub> ekvivalent\u0173), paslaugas (-20%, 54 mln. ton\u0173 CO<sub>2<\/sub> ekvivalent\u0173), ir gamyba (-17%, 142 mln. ton\u0173 CO<sub>2<\/sub> ekvivalentai). <\/p>\n<p>Vienintel\u0117 ekonomin\u0117 veikla, kurioje i\u0161metama daugiau ter\u0161al\u0173, buvo transportavimas ir sand\u0117liavimas \u2013 2023 m., palyginti su 2013 m., jis padid\u0117jo 14 proc.<\/p>\n<p>Tuo pat metu nam\u0173 \u016bki\u0173 i\u0161metamas \u0161iltnamio efekt\u0105 sukelian\u010di\u0173 duj\u0173 kiekis suma\u017e\u0117jo 14 % (110 mln. ton\u0173 CO<sub>2<\/sub> ekvivalentai).<\/p>\n<figure class=\"wp-block-image\"><\/figure>\n<p><strong>\u0160altinio duomen\u0173 rinkinys: env_ac_ainah_r2 <\/strong><\/p>\n<div id=\"ez-toc-container\" class=\"ez-toc-v2_0_82_2 counter-hierarchy ez-toc-counter ez-toc-grey ez-toc-container-direction\">\n<div class=\"ez-toc-title-container\">\n<p class=\"ez-toc-title\" style=\"cursor:inherit\">Turinys:<\/p>\n<span class=\"ez-toc-title-toggle\"><a href=\"#\" class=\"ez-toc-pull-right ez-toc-btn ez-toc-btn-xs ez-toc-btn-default ez-toc-toggle\" aria-label=\"Toggle Table of Content\"><span class=\"ez-toc-js-icon-con\"><span class=\"\"><span class=\"eztoc-hide\" style=\"display:none;\">Toggle<\/span><span class=\"ez-toc-icon-toggle-span\"><svg style=\"fill: #999;color:#999\" xmlns=\"http:\/\/www.w3.org\/2000\/svg\" class=\"list-377408\" width=\"20px\" height=\"20px\" viewBox=\"0 0 24 24\" fill=\"none\"><path d=\"M6 6H4v2h2V6zm14 0H8v2h12V6zM4 11h2v2H4v-2zm16 0H8v2h12v-2zM4 16h2v2H4v-2zm16 0H8v2h12v-2z\" fill=\"currentColor\"><\/path><\/svg><svg style=\"fill: #999;color:#999\" class=\"arrow-unsorted-368013\" xmlns=\"http:\/\/www.w3.org\/2000\/svg\" width=\"10px\" height=\"10px\" viewBox=\"0 0 24 24\" version=\"1.2\" baseProfile=\"tiny\"><path d=\"M18.2 9.3l-6.2-6.3-6.2 6.3c-.2.2-.3.4-.3.7s.1.5.3.7c.2.2.4.3.7.3h11c.3 0 .5-.1.7-.3.2-.2.3-.5.3-.7s-.1-.5-.3-.7zM5.8 14.7l6.2 6.3 6.2-6.3c.2-.2.3-.5.3-.7s-.1-.5-.3-.7c-.2-.2-.4-.3-.7-.3h-11c-.3 0-.5.1-.7.3-.2.2-.3.5-.3.7s.1.5.3.7z\"\/><\/svg><\/span><\/span><\/span><\/a><\/span><\/div>\n<nav><ul class='ez-toc-list ez-toc-list-level-1 ' ><ul class='ez-toc-list-level-3' ><li class='ez-toc-heading-level-3'><a class=\"ez-toc-link ez-toc-heading-1\" href=\"https:\/\/naujienaplius.lt\/index.php\/2025\/01\/15\/es-siltnamio-efekta-sukelianciu-duju-emisija-sumazejo-7-proc-2023-m\/#Siltnamio_efekta_sukelianciu_duju_emisijos_intensyvumas_sumazejo_32_palyginti_su_2013_m\" >\u0160iltnamio efekt\u0105 sukelian\u010di\u0173 duj\u0173 emisijos intensyvumas suma\u017e\u0117jo 32%, palyginti su 2013 m<\/a><\/li><\/ul><\/li><li class='ez-toc-page-1 ez-toc-heading-level-2'><a class=\"ez-toc-link ez-toc-heading-2\" href=\"https:\/\/naujienaplius.lt\/index.php\/2025\/01\/15\/es-siltnamio-efekta-sukelianciu-duju-emisija-sumazejo-7-proc-2023-m\/#Noredami_gauti_daugiau_informacijos\" >Nor\u0117dami gauti daugiau informacijos<\/a><ul class='ez-toc-list-level-3' ><li class='ez-toc-heading-level-3'><a class=\"ez-toc-link ez-toc-heading-3\" href=\"https:\/\/naujienaplius.lt\/index.php\/2025\/01\/15\/es-siltnamio-efekta-sukelianciu-duju-emisija-sumazejo-7-proc-2023-m\/#Metodines_pastabos\" >Metodin\u0117s pastabos<\/a><ul class='ez-toc-list-level-6' ><li class='ez-toc-heading-level-6'><ul class='ez-toc-list-level-6' ><li class='ez-toc-heading-level-6'><ul class='ez-toc-list-level-6' ><li class='ez-toc-heading-level-6'><a class=\"ez-toc-link ez-toc-heading-4\" href=\"https:\/\/naujienaplius.lt\/index.php\/2025\/01\/15\/es-siltnamio-efekta-sukelianciu-duju-emisija-sumazejo-7-proc-2023-m\/#EU_Reporter_publikuoja_straipsnius_is_ivairiu_isoriniu_saltiniu_kuriuose_isreiskiamas_platus_poziuriu_spektras_Siuose_straipsniuose_pateiktos_pozicijos_nebutinai_yra_ES_Reporterio_pozicijos\" >EU Reporter publikuoja straipsnius i\u0161 \u012fvairi\u0173 i\u0161orini\u0173 \u0161altini\u0173, kuriuose i\u0161rei\u0161kiamas platus po\u017ei\u016bri\u0173 spektras. \u0160iuose straipsniuose pateiktos pozicijos neb\u016btinai yra ES Reporterio pozicijos.<\/a><\/li><\/ul><\/li><\/ul><\/li><\/ul><\/li><\/ul><\/li><\/ul><\/nav><\/div>\n<h3 class=\"wp-block-heading\"><span class=\"ez-toc-section\" id=\"Siltnamio_efekta_sukelianciu_duju_emisijos_intensyvumas_sumazejo_32_palyginti_su_2013_m\"><\/span>\u0160iltnamio efekt\u0105 sukelian\u010di\u0173 duj\u0173 emisijos intensyvumas suma\u017e\u0117jo 32%, palyginti su 2013 m<span class=\"ez-toc-section-end\"><\/span><\/h3>\n<p>The<strong> \u0161iltnamio efekt\u0105 sukelian\u010di\u0173 duj\u0173 emisijos intensyvumas <\/strong>matuoja i\u0161metam\u0173j\u0173 ter\u0161al\u0173 kiek\u012f (matuojamas CO<sub>2<\/sub> ekvivalentai) bendrosios prid\u0117tin\u0117s vert\u0117s vienetui (matuojama eurais) tam tikroje ekonomikoje. Suma\u017e\u0117j\u0119s i\u0161metam\u0173j\u0173 ter\u0161al\u0173 intensyvumas rei\u0161kia, kad i\u0161metama ma\u017eiau i\u0161metam\u0173j\u0173 ter\u0161al\u0173 u\u017e t\u0105 pat\u012f ekonomin\u0117s prid\u0117tin\u0117s vert\u0117s kiek\u012f.<\/p>\n<p>\u0160iltnamio efekt\u0105 sukelian\u010di\u0173 duj\u0173 emisijos intensyvumas ES suma\u017e\u0117jo 32 % nuo 2013 m. iki 2023 m. Tai rei\u0161kia, kad ES ekonomika vienu metu padidino prid\u0117tin\u0119 vert\u0119 (+19 %) ir suma\u017eino \u0161iltnamio efekt\u0105 sukelian\u010di\u0173 duj\u0173 emisij\u0105. Did\u017eiausias emisij\u0173 intensyvumo suma\u017e\u0117jimas u\u017efiksuotas Estijoje (-61 proc.), Airijoje (-50 proc.) ir Slov\u0117nijoje (-41 proc.). <\/p>\n<p><span class=\"mvp-ad-label\">Reklama<\/span><\/p>\n<p><!-- Square Ad EuReporter --><\/p>\n<p>Prie\u0161ingai, Austrija (-17%), Lietuva (-17%) ir Liuksemburgas (-19%) \u0161iek tiek suma\u017eino \u0161iltnamio efekt\u0105 sukelian\u010di\u0173 duj\u0173 emisijos intensyvum\u0105. <\/p>\n<h2 class=\"wp-block-heading\"><span class=\"ez-toc-section\" id=\"Noredami_gauti_daugiau_informacijos\"><\/span>Nor\u0117dami gauti daugiau informacijos<span class=\"ez-toc-section-end\"><\/span><\/h2>\n<h3 class=\"wp-block-heading\"><span class=\"ez-toc-section\" id=\"Metodines_pastabos\"><\/span>Metodin\u0117s pastabos<span class=\"ez-toc-section-end\"><\/span><\/h3>\n<ul class=\"wp-block-list\">\n<li>\u0160iltnamio efekt\u0105 sukelian\u010dios dujos apima anglies dioksid\u0105 (CO<sub>2<\/sub>), metanas (CH<sub>4<\/sub>), azoto oksidas (N<sub>2<\/sub>O) ir fluorintos dujos (taip pat vadinamos \u201eF dujomis\u201c), hidrofluorangliavandeniliai (HFC), perfluorangliavandeniliai (PFC), azoto trifluoridas (NF)<sub>3<\/sub>) ir sieros heksafluoridas (SF<sub>6<\/sub>).<\/li>\n<li>I\u0161metim\u0173 \u012f or\u0105 s\u0105skaitose ES ekonomikos i\u0161metam\u0173j\u0173 ter\u0161al\u0173 duomenys tvarkomi pagal ekonomin\u0119 veikl\u0105, naudojant<strong> EVRK klasifikatorius<\/strong>. Eurostato i\u0161metam\u0173j\u0173 ter\u0161al\u0173 \u012f or\u0105 s\u0105skaitose pateikiama i\u0161sami 64 ekonomin\u0117s veiklos r\u016b\u0161i\u0173 analiz\u0117 po ES<strong> statistinis ekonomin\u0117s veiklos r\u016b\u0161i\u0173 klasifikatorius (EVRK 2 red.) nuo 2008 m<\/strong>. <\/li>\n<\/ul>\n<p style=\"font-family: Oswald; text-transform: uppercase; padding-top: 7px; font-weight: 500;padding-right: 10px; margin-bottom: 5px !important;\">Pasidalinkite \u0161iuo straipsniu:<\/p>\n<p><!-- AddThis Advanced Settings above via filter on the_content --><!-- AddThis Advanced Settings below via filter on the_content --><!-- AddThis Advanced Settings generic via filter on the_content --><!-- AddThis Share Buttons above via filter on the_content --><!-- AddThis Share Buttons below via filter on the_content --><!-- AddThis Share Buttons generic via filter on the_content -->\t\t\t\t\t\t\t\t\t\t\t\t\t\t\t\t\t\t\t\t\t\t\t\t\t\t\t<\/div>\n<div id=\"mvp-content-bot\">\n\t\t\t\t\t\t\t\t\t\t\t\t\t\t\t\t\t\t\t\t\t\t\t\t\t\t\t\t<!--mvp-post-tags--><\/p>\n<p><h6><span class=\"ez-toc-section\" id=\"EU_Reporter_publikuoja_straipsnius_is_ivairiu_isoriniu_saltiniu_kuriuose_isreiskiamas_platus_poziuriu_spektras_Siuose_straipsniuose_pateiktos_pozicijos_nebutinai_yra_ES_Reporterio_pozicijos\"><\/span>EU Reporter publikuoja straipsnius i\u0161 \u012fvairi\u0173 i\u0161orini\u0173 \u0161altini\u0173, kuriuose i\u0161rei\u0161kiamas platus po\u017ei\u016bri\u0173 spektras. \u0160iuose straipsniuose pateiktos pozicijos neb\u016btinai yra ES Reporterio pozicijos.<span class=\"ez-toc-section-end\"><\/span><\/h6>\n<\/p>\n<p>\t\t\t\t\t\t\t\t\t\t\t\t\t\t<!-- Footer Google Ads --><\/p>\n<p>\t\t\t\t\t\t\t\t\t\t\t\t\t\t<!--posts-nav-link--><br \/>\n\t\t\t\t\t\t\t\t\t\t\t\t\t\t\t\t\t\t\t\t\t\t\t\t\t\t\t\t\t<!--mvp-prev-next-wrap--><\/p>\n<div class=\"mvp-org-wrap\" itemprop=\"publisher\" itemscope=\"\" itemtype=\"https:\/\/schema.org\/Organization\">\n<div class=\"mvp-org-logo\" itemprop=\"logo\" itemscope=\"\" itemtype=\"https:\/\/schema.org\/ImageObject\">\n\t\t\t\t\t\t\t\t\t\t\t\t\t\t\t\t\t\t\t\t\t\t\t\t\t\t\t\t\t\t\t\t\t<img decoding=\"async\" src=\"https:\/\/www.eureporter.co\/wp-content\/uploads\/2020\/09\/header.png\"\/><br \/>\n\t\t\t\t\t\t\t\t\t\t\t\t\t\t\t\t\t<meta itemprop=\"url\" content=\"https:\/\/www.eureporter.co\/wp-content\/uploads\/2020\/09\/header.png\"\/>\n\t\t\t\t\t\t\t\t\t\t\t\t\t\t\t\t\t\t\t\t\t\t\t\t\t\t\t\t\t\t\t<\/div>\n<p><!--mvp-org-logo--><br \/>\n\t\t\t\t\t\t\t\t\t\t\t\t\t\t\t<meta itemprop=\"name\" content=\"EU Reporter\"\/>\n\t\t\t\t\t\t\t\t\t\t\t\t\t\t<\/div>\n<p><!--mvp-org-wrap-->\n\t\t\t\t\t\t\t\t\t\t\t\t\t<\/div>\n<p><script>\n  !function(f,b,e,v,n,t,s)\n  {if(f.fbq)return;n=f.fbq=function(){n.callMethod?\n  n.callMethod.apply(n,arguments):n.queue.push(arguments)};\n  if(!f._fbq)f._fbq=n;n.push=n;n.loaded=!0;n.version='2.0';\n  n.queue=();t=b.createElement(e);t.async=!0;\n  t.src=v;s=b.getElementsByTagName(e)(0);\n  s.parentNode.insertBefore(t,s)}(window, document,'script',\n  'https:\/\/connect.facebook.net\/en_US\/fbevents.js');\n  fbq('init', '983499669057919');\n  fbq('track', 'PageView');\n<\/script><br \/>\n<br \/><br \/>\n<br \/><a href=\"https:\/\/www.eureporter.co\/environment\/co2-emissions\/2025\/01\/14\/eu-greenhouse-gas-emissions-reduced-by-7-in-2023\/\">Source link <\/a><\/p>\n","protected":false},"excerpt":{"rendered":"<p>2023 m. ES \u0161iltnamio efekt\u0105 sukelian\u010di\u0173 duj\u0173 i\u0161metimas i\u0161 ekonomin\u0117s veiklos ir nam\u0173 \u016bki\u0173 sudar\u0117 3,4 mlrd. ton\u0173 CO.2 ekvivalentai.&hellip;<\/p>\n","protected":false},"author":1,"featured_media":1031,"comment_status":"","ping_status":"","sticky":false,"template":"","format":"standard","meta":{"om_disable_all_campaigns":false,"_monsterinsights_skip_tracking":false,"_monsterinsights_sitenote_active":false,"_monsterinsights_sitenote_note":"","_monsterinsights_sitenote_category":0,"footnotes":""},"categories":[208],"tags":[2682,2680,2683,69,2679,2681,425],"class_list":["post-1030","post","type-post","status-publish","format-standard","has-post-thumbnail","hentry","category-zinios-is-europos","tag-duju","tag-efekta","tag-emisija","tag-proc","tag-siltnamio","tag-sukelianciu","tag-sumazejo"],"aioseo_notices":[],"_links":{"self":[{"href":"https:\/\/naujienaplius.lt\/index.php\/wp-json\/wp\/v2\/posts\/1030","targetHints":{"allow":["GET"]}}],"collection":[{"href":"https:\/\/naujienaplius.lt\/index.php\/wp-json\/wp\/v2\/posts"}],"about":[{"href":"https:\/\/naujienaplius.lt\/index.php\/wp-json\/wp\/v2\/types\/post"}],"author":[{"embeddable":true,"href":"https:\/\/naujienaplius.lt\/index.php\/wp-json\/wp\/v2\/users\/1"}],"replies":[{"embeddable":true,"href":"https:\/\/naujienaplius.lt\/index.php\/wp-json\/wp\/v2\/comments?post=1030"}],"version-history":[{"count":0,"href":"https:\/\/naujienaplius.lt\/index.php\/wp-json\/wp\/v2\/posts\/1030\/revisions"}],"wp:featuredmedia":[{"embeddable":true,"href":"https:\/\/naujienaplius.lt\/index.php\/wp-json\/wp\/v2\/media\/1031"}],"wp:attachment":[{"href":"https:\/\/naujienaplius.lt\/index.php\/wp-json\/wp\/v2\/media?parent=1030"}],"wp:term":[{"taxonomy":"category","embeddable":true,"href":"https:\/\/naujienaplius.lt\/index.php\/wp-json\/wp\/v2\/categories?post=1030"},{"taxonomy":"post_tag","embeddable":true,"href":"https:\/\/naujienaplius.lt\/index.php\/wp-json\/wp\/v2\/tags?post=1030"}],"curies":[{"name":"wp","href":"https:\/\/api.w.org\/{rel}","templated":true}]}}