{"id":108,"date":"2024-11-10T11:55:33","date_gmt":"2024-11-10T11:55:33","guid":{"rendered":"https:\/\/naujienaplius.lt\/index.php\/2024\/11\/10\/teismo-suolas-kaltinamojo-sulaukia-ir-po-22-metu\/"},"modified":"2024-11-10T11:55:33","modified_gmt":"2024-11-10T11:55:33","slug":"teismo-suolas-kaltinamojo-sulaukia-ir-po-22-metu","status":"publish","type":"post","link":"https:\/\/naujienaplius.lt\/index.php\/2024\/11\/10\/teismo-suolas-kaltinamojo-sulaukia-ir-po-22-metu\/","title":{"rendered":"Teismo suolas kaltinamojo sulaukia ir po 22 met\u0173"},"content":{"rendered":"<p> <br \/>\n<\/p>\n<div>\n<p>Kauno apygardos teismui perduota i\u0161skirtin\u0117 savo tyrimo istorija baud\u017eiamoj byla, kurioje kaltinimai daugiau nei prie\u0161 22 metus nu\u017eud\u017eius jaun\u0105 mergin\u0105 pateikti u\u017e \u0161\u012f nusikaltim\u0105 jau teistam ir 2004 m. i\u0161teisintam asmeniui.<\/p>\n<p>Visuomen\u0119 sukr\u0117t\u0119s brutalus jaunos merginos nu\u017eudymas Kaune buvo \u012fvykdytas 2002 m. vasar\u012f. Po keleri\u0173 met\u0173, 2004 m., vienas i\u0161 tuomet nustatyt\u0173 ir teismui perduot\u0173 kaltinam\u0173j\u0173 \u2013 Klaidas Kanarskas, buvo i\u0161teisintas. Kitas \u012ftariamasis \u2013 Jonas Snie\u0161ka, dabar turimais duomenimis, tuo metu nuo teis\u0117saugos slapst\u0117si u\u017esienyje.<\/p>\n<p>Nei\u0161ai\u0161kinto nu\u017eudymo aplinkyb\u0117s naujais reik\u0161mingais duomenimis pasipild\u0117 kone po penkiolikos met\u0173. Aptikti juos pavyko 2019 metais, Generalin\u0117s prokurat\u016bros Organizuot\u0173 nusikaltim\u0173 ir korupcijos tyrimo departamento prokurorams ir Lietuvos kriminalin\u0117s policijos biuro pareig\u016bnams \u0117mus intensyviai tirti ginkluoto nusikalstamo susivienijimo, \u017einomo \u201eKamuolio\u201c pavadinimu, galimai \u012fvykdytus sunkius ir labai sunkius nusikaltimus.<\/p>\n<p>\u0160io itin sud\u0117tingo ir did\u017eiul\u0117s apimties ikiteisminio tyrimo metu gauti duomenys apie galimai grupuot\u0117s vadeiv\u0173 ir kit\u0173 nari\u0173 \u012fvykdytus nu\u017eudymus, pasik\u0117sinimus nu\u017eudyti bei kitus nusikaltimus paskatino pareig\u016bnus prapl\u0117sti tyrim\u0105 ir labai atid\u017eiai per\u017ei\u016br\u0117ti anks\u010diau neatskleist\u0173 nusikaltim\u0173 med\u017eiagas, sustabdytus ikiteisminius tyrimus bei baud\u017eiam\u0105sias bylas, kuriose teismai buvo pri\u0117m\u0119 i\u0161teisinamuosius nuosprend\u017eius galimai kalt\u0173 asmen\u0173 at\u017evilgiu.<\/p>\n<p>Kruop\u0161\u010diai ir nuosekliai tikrindami vis\u0105 gaunam\u0105 informacij\u0105, atlik\u0119 daugyb\u0119 vie\u0161o ir nevie\u0161o pob\u016bd\u017eio veiksm\u0173, apklaus\u0119 de\u0161imtis asmen\u0173, 2021 metais tyr\u0117jai nustat\u0117 vieno i\u0161 \u012ftariam\u0173j\u0173 \u2013 Jono Snie\u0161kos, buvimo viet\u0105 Jungtin\u0117je Karalyst\u0117je. Bendradarbiaujant su Jungtin\u0117s Karalyst\u0117s pareig\u016bnais buvo \u012fvykdyta detaliai suplanuota slapta tarptautin\u0117 operacija, kurios metu paie\u0161komas asmuo buvo sulaikytas ir perduotas Lietuvai.<\/p>\n<p>Daugiau nei trejus metus intensyviai dirbusi\u0173 prokuror\u0173 ir Lietuvos kriminalin\u0117s policijos biuro pareig\u016bn\u0173 d\u0117ka buvo nustatytos naujos jaunos moters nu\u017eudymo aplinkyb\u0117s. 2023 baland\u017eio 18 d., i\u0161nagrin\u0117j\u0119s generalin\u0117s prokuror\u0117s N. Grunskien\u0117s pateikt\u0105 pra\u0161ym\u0105, Lietuvos Auk\u0161\u010diausiasis Teismas j\u012f patenkino ir pri\u0117m\u0117 nutart\u012f, kuria panaikino 2004 met\u0173 Kauno apygardos teismo priimt\u0105 i\u0161teisinam\u0105j\u012f nuosprend\u012f Klaido Kanarsko at\u017evilgiu.<\/p>\n<p>Atnaujintas ikiteisminis tyrimas d\u0117l kauniet\u0117s V. D. nu\u017eudymo 2002 m. buvo baigtas \u0161i\u0173 met\u0173 spalio m\u0117n. Generalin\u0117s prokurat\u016bros Organizuot\u0173 nusikaltim\u0173 ir korupcijos tyrimo departamento prokurorui sura\u0161ius kaltinam\u0105j\u012f akt\u0105 baud\u017eiamoji byla Kauno apygardos teismui perduota spalio 21 d.<\/p>\n<p>Klaidui Kanarskui pateikti kaltinimai pagal Baud\u017eiamojo kodekso 149 str. 1 d. ir 129 str. 2 d. 6 ir 11 p. J. Snie\u0161kos at\u017evilgiu tyrimas nutrauktas \u012ftariamajam mirus.<\/p>\n<p>Baud\u017eiamojo kodekso 129 str. 2 d. u\u017e nu\u017eudym\u0105 numato laiv\u0117s at\u0117mimo bausm\u0119 nuo 8 iki 20 met\u0173 arba laisv\u0117s at\u0117mim\u0105 iki gyvos galvos, Lietuvos Respublikos baud\u017eiamojo kodekso 149 str. 1 d. u\u017e i\u0161\u017eaginim\u0105 numato laisv\u0117s at\u0117mim\u0105 iki septyneri\u0173 met\u0173.<\/p>\n<p>Vadovaujantis Lietuvos Respublikos Konstitucijos 31 straipsniu asmuo laikomas nekaltu, kol jo kaltumas n\u0117ra \u012frodytas \u012fstatymo nustatyta tvarka ir pripa\u017eintas \u012fsiteis\u0117jusiu teismo nuosprend\u017eiu.<\/p>\n<div class=\"g g-43\">\n<div class=\"g-single a-213\"><\/div>\n<\/div>\n<\/div>\n<p><script>(function(d, s, id) {\nvar js, fjs = d.getElementsByTagName(s)[0];\nif (d.getElementById(id)) return;\njs = d.createElement(s); js.id = id;\njs.src = \"\/\/connect.facebook.net\/lt_LT\/sdk.js#xfbml=1&version=v2.10\";\nfjs.parentNode.insertBefore(js, fjs);\n}(document, 'script', 'facebook-jssdk'));<\/script><br \/>\n<br \/><br \/>\n<br \/><a href=\"https:\/\/miestonaujienos.lt\/teismo-suolas-kaltinamojo-sulaukia-ir-po-22-metu\/\">Source link <\/a><\/p>\n","protected":false},"excerpt":{"rendered":"<p>Kauno apygardos teismui perduota i\u0161skirtin\u0117 savo tyrimo istorija baud\u017eiamoj byla, kurioje kaltinimai daugiau nei prie\u0161 22 metus nu\u017eud\u017eius jaun\u0105 mergin\u0105&hellip;<\/p>\n","protected":false},"author":1,"featured_media":109,"comment_status":"","ping_status":"","sticky":false,"template":"","format":"standard","meta":{"om_disable_all_campaigns":false,"_monsterinsights_skip_tracking":false,"_monsterinsights_sitenote_active":false,"_monsterinsights_sitenote_note":"","_monsterinsights_sitenote_category":0,"footnotes":""},"categories":[2],"tags":[252,254,253,251,250],"class_list":["post-108","post","type-post","status-publish","format-standard","has-post-thumbnail","hentry","category-miesto-naujienos","tag-kaltinamojo","tag-metu","tag-sulaukia","tag-suolas","tag-teismo"],"aioseo_notices":[],"_links":{"self":[{"href":"https:\/\/naujienaplius.lt\/index.php\/wp-json\/wp\/v2\/posts\/108","targetHints":{"allow":["GET"]}}],"collection":[{"href":"https:\/\/naujienaplius.lt\/index.php\/wp-json\/wp\/v2\/posts"}],"about":[{"href":"https:\/\/naujienaplius.lt\/index.php\/wp-json\/wp\/v2\/types\/post"}],"author":[{"embeddable":true,"href":"https:\/\/naujienaplius.lt\/index.php\/wp-json\/wp\/v2\/users\/1"}],"replies":[{"embeddable":true,"href":"https:\/\/naujienaplius.lt\/index.php\/wp-json\/wp\/v2\/comments?post=108"}],"version-history":[{"count":0,"href":"https:\/\/naujienaplius.lt\/index.php\/wp-json\/wp\/v2\/posts\/108\/revisions"}],"wp:featuredmedia":[{"embeddable":true,"href":"https:\/\/naujienaplius.lt\/index.php\/wp-json\/wp\/v2\/media\/109"}],"wp:attachment":[{"href":"https:\/\/naujienaplius.lt\/index.php\/wp-json\/wp\/v2\/media?parent=108"}],"wp:term":[{"taxonomy":"category","embeddable":true,"href":"https:\/\/naujienaplius.lt\/index.php\/wp-json\/wp\/v2\/categories?post=108"},{"taxonomy":"post_tag","embeddable":true,"href":"https:\/\/naujienaplius.lt\/index.php\/wp-json\/wp\/v2\/tags?post=108"}],"curies":[{"name":"wp","href":"https:\/\/api.w.org\/{rel}","templated":true}]}}