{"id":1088,"date":"2025-01-19T17:40:49","date_gmt":"2025-01-19T17:40:49","guid":{"rendered":"https:\/\/naujienaplius.lt\/index.php\/2025\/01\/19\/nancy-pelosi-dukra-liepia-jill-biden-nerimauti-del-savo-vyro-palikimo\/"},"modified":"2025-01-19T17:40:49","modified_gmt":"2025-01-19T17:40:49","slug":"nancy-pelosi-dukra-liepia-jill-biden-nerimauti-del-savo-vyro-palikimo","status":"publish","type":"post","link":"https:\/\/naujienaplius.lt\/index.php\/2025\/01\/19\/nancy-pelosi-dukra-liepia-jill-biden-nerimauti-del-savo-vyro-palikimo\/","title":{"rendered":"Nancy Pelosi dukra liepia Jill Biden nerimauti d\u0117l \u201esavo vyro palikimo\u201c"},"content":{"rendered":"<p> <br \/>\n<\/p>\n<div>\n<p class=\"speakable\">Alexandra Pelosi, buvusi Atstov\u0173 R\u016bm\u0173 pirminink\u0117s Nancy Pelosi dukra, pasikviet\u0117 pirm\u0105j\u0105 poni\u0105 Jill Biden ir pasi\u016bl\u0117 \u201eLedi McBiden\u201c pagalvoti apie prezidento Bideno palikim\u0105. <\/p>\n<p class=\"speakable\">\u201eJei b\u016b\u010diau ledi McBiden, u\u017esid\u0117jau dideles kelnes, \u017eais\u010diau ilg\u0105 \u017eaidim\u0105 ir galvo\u010diau apie savo vyro palikim\u0105\u201c, \u2013 sekmadien\u012f paskelbtoje skiltyje \u201ePolitico\u201c \u017eurnalistui Jonathanui Martin sak\u0117 buvusios prane\u0161\u0117jos dukra, pa\u017eym\u0117dama, kad ji tik kalb\u0117jo. sau. \u201eAmerikoje nebeliko tiek daug \u017emoni\u0173, kurie gal\u0117t\u0173 k\u0105 nors malonaus pasakyti apie Joe Biden\u0105, o Nancy Pelosi yra vienas i\u0161 j\u0173. <\/p>\n<p>Nancy Pelosi band\u0117 pasikalb\u0117ti su prezidentu po to, kai liepos pabaigoje jis nusprend\u0117 pasitraukti i\u0161 var\u017eyb\u0173, ta\u010diau \u201epakartotinai buvo sutiktas toks pat auk\u0161\u010diausi\u0173 prezidento patar\u0117j\u0173 atsakymas: atsakymas yra ne\u201c, ra\u0161oma \u201ePolitico\u201c rubrikoje.<\/p>\n<div class=\"image-ct inline\">\n<div class=\"m\"><picture><source media=\"(max-width: 767px)\" srcset=\"https:\/\/a57.foxnews.com\/static.foxnews.com\/foxnews.com\/content\/uploads\/2025\/01\/343\/192\/pelosi-jill-split.jpg?ve=1&amp;tl=1, https:\/\/a57.foxnews.com\/static.foxnews.com\/foxnews.com\/content\/uploads\/2025\/01\/686\/384\/pelosi-jill-split.jpg?ve=1&amp;tl=1 2x\" height=\"192\" width=\"343\"><source media=\"(min-width: 768px) and (max-width: 1023px)\" srcset=\"https:\/\/a57.foxnews.com\/static.foxnews.com\/foxnews.com\/content\/uploads\/2025\/01\/672\/378\/pelosi-jill-split.jpg?ve=1&amp;tl=1, https:\/\/a57.foxnews.com\/static.foxnews.com\/foxnews.com\/content\/uploads\/2025\/01\/1344\/756\/pelosi-jill-split.jpg?ve=1&amp;tl=1 2x\" height=\"378\" width=\"672\"><source media=\"(min-width: 1024px) and (max-width: 1279px)\" srcset=\"https:\/\/a57.foxnews.com\/static.foxnews.com\/foxnews.com\/content\/uploads\/2025\/01\/931\/523\/pelosi-jill-split.jpg?ve=1&amp;tl=1, https:\/\/a57.foxnews.com\/static.foxnews.com\/foxnews.com\/content\/uploads\/2025\/01\/1862\/1046\/pelosi-jill-split.jpg?ve=1&amp;tl=1 2x\" height=\"523\" width=\"931\"><source media=\"(min-width: 1280px)\" srcset=\"https:\/\/a57.foxnews.com\/static.foxnews.com\/foxnews.com\/content\/uploads\/2025\/01\/720\/405\/pelosi-jill-split.jpg?ve=1&amp;tl=1, https:\/\/a57.foxnews.com\/static.foxnews.com\/foxnews.com\/content\/uploads\/2025\/01\/1440\/810\/pelosi-jill-split.jpg?ve=1&amp;tl=1 2x\" height=\"405\" width=\"720\"><\/source><\/source><\/source><\/source><\/picture><\/div>\n<div class=\"info\">\n<div class=\"caption\">\n<p><span>Pirmoji ponia Jill Biden per interviu sak\u0117, kad buvo nusivylusi Nancy Pelosi d\u0117l vaidmens, kur\u012f ji atliko, kad prezidentas Bidenas pasitraukt\u0173 i\u0161 lenktyni\u0173.<\/span> <span>(Kair\u0117je: (Johno Lamparskio \/ \u201eGetty Images\u201c nuotrauka), de\u0161in\u0117je: fotografas: Aaronas Schwartzas \/ \u201eBloomberg\u201c per \u201eGetty Images\u201c)<\/span><\/p>\n<\/div>\n<\/div>\n<\/div>\n<p><strong><u>PELOSI DEMUR\u0116JA, JEI \u201eVISKAS GERAI\u201c TARP JOS IR BIDENO: \u201eTU REIK\u0116S JO PAKLAUSTI\u201c<\/u><\/strong><\/p>\n<p>Nancy Pelosi prisijung\u0117 prie \u201eRyto D\u017eo\u201c ved\u0117j\u0173 liepos m\u0117nes\u012f, po prezidento pasirodymo debatuose, sakydama: \u201ePrezidentas turi nuspr\u0119sti, ar jis ketina kandidatuoti\u201c, nepaisant Bideno pakartotinio patikinimo, kad jis liks lenktyn\u0117se. per kelis skambu\u010dius su demokratais ir donorais. <\/p>\n<p>Pasirodymas \u017einiasklaidoje buvo vertinamas kaip dar viena galimyb\u0117 prezidentui pasitraukti i\u0161 lenktyni\u0173, o tai galiausiai ir \u012fvyko.<\/p>\n<p>Po to, kai viceprezident\u0117 Kamala Harris pralaim\u0117jo rinkimus, Pelosi pasi\u016bl\u0117, kad Bidenas b\u016bt\u0173 anks\u010diau pasitrauk\u0119s. Bidenas nuo to laiko apgailestavo, kad pasitrauk\u0117 i\u0161 studij\u0173, ir tvirtino, kad gal\u0117jo nugal\u0117ti Trump\u0105. <\/p>\n<p>\u201eJai buvo pasakyta, kad jie to nesibaig\u0117, nedarykite daugiau uverti\u016br\u0173, nes jis kaltina j\u0105\u201c,<strong> <\/strong>\u201ePolitico\u201c sak\u0117 asmuo, susipa\u017ein\u0119s su Pelosi ir Bideno pad\u0117j\u0117j\u0173 santykiais pirmyn ir atgal. <\/p>\n<div class=\"image-ct inline\">\n<div class=\"m\"><picture><source media=\"(max-width: 767px)\" srcset=\"https:\/\/a57.foxnews.com\/static.foxnews.com\/foxnews.com\/content\/uploads\/2024\/04\/343\/192\/GettyImages-2147906792.jpg?ve=1&amp;tl=1, https:\/\/a57.foxnews.com\/static.foxnews.com\/foxnews.com\/content\/uploads\/2024\/04\/686\/384\/GettyImages-2147906792.jpg?ve=1&amp;tl=1 2x\" height=\"192\" width=\"343\"><source media=\"(min-width: 768px) and (max-width: 1023px)\" srcset=\"https:\/\/a57.foxnews.com\/static.foxnews.com\/foxnews.com\/content\/uploads\/2024\/04\/672\/378\/GettyImages-2147906792.jpg?ve=1&amp;tl=1, https:\/\/a57.foxnews.com\/static.foxnews.com\/foxnews.com\/content\/uploads\/2024\/04\/1344\/756\/GettyImages-2147906792.jpg?ve=1&amp;tl=1 2x\" height=\"378\" width=\"672\"><source media=\"(min-width: 1024px) and (max-width: 1279px)\" srcset=\"https:\/\/a57.foxnews.com\/static.foxnews.com\/foxnews.com\/content\/uploads\/2024\/04\/931\/523\/GettyImages-2147906792.jpg?ve=1&amp;tl=1, https:\/\/a57.foxnews.com\/static.foxnews.com\/foxnews.com\/content\/uploads\/2024\/04\/1862\/1046\/GettyImages-2147906792.jpg?ve=1&amp;tl=1 2x\" height=\"523\" width=\"931\"><source media=\"(min-width: 1280px)\" srcset=\"https:\/\/a57.foxnews.com\/static.foxnews.com\/foxnews.com\/content\/uploads\/2024\/04\/720\/405\/GettyImages-2147906792.jpg?ve=1&amp;tl=1, https:\/\/a57.foxnews.com\/static.foxnews.com\/foxnews.com\/content\/uploads\/2024\/04\/1440\/810\/GettyImages-2147906792.jpg?ve=1&amp;tl=1 2x\" height=\"405\" width=\"720\"><img loading=\"lazy\" decoding=\"async\" src=\"https:\/\/a57.foxnews.com\/static.foxnews.com\/foxnews.com\/content\/uploads\/2024\/04\/1200\/675\/GettyImages-2147906792.jpg?ve=1&amp;tl=1\" alt=\"Prezidentas Bidenas\" width=\"1200\" height=\"675\"\/><\/source><\/source><\/source><\/source><\/picture><\/div>\n<div class=\"info\">\n<div class=\"caption\">\n<p><span>Bidenas apgailestavo, kad pasitrauk\u0117 i\u0161 studij\u0173, ir tvirtino, kad gal\u0117jo nugal\u0117ti Trump\u0105. <\/span> <span>(Hannah Beier \/ Bloomberg per \u201eGetty Images\u201c)<\/span><\/p>\n<\/div>\n<\/div>\n<\/div>\n<p><strong>SPAUSKITE \u010cIA, jei norite gauti daugiau informacijos apie \u017einiasklaid\u0105 IR KULT\u016aR\u0104<\/strong><\/p>\n<p>Pirmoji ponia Jill Biden kalb\u0117jo su \u201eWashington Post\u201c sausio 15 d. paskelbtame interviu, kuriame ji u\u017esimin\u0117, kad yra nusivylusi Nancy Pelosi d\u0117l vaidmens, kur\u012f ji atliko \u012ftakojant Biden\u0105 pasitraukti i\u0161 lenktyni\u0173.<\/p>\n<p>\u201ePastaruoju metu man daug kas sukosi mintyse ir&#8230;\u201c \u2013 pirmoji ponia <u>sak\u0117 \u201ePost\u201c.<\/u>. \u201eBuvome draugai <i>50 met\u0173<\/i>. Tai nuvyl\u0117\u201c.<\/p>\n<p>\u201eTarkime, buvau nusivylusi tuo, kaip viskas klost\u0117si\u201c, \u2013 sak\u0117 ji bendrai. Ji taip pat i\u0161rei\u0161k\u0117 pasitik\u0117jim\u0105 savo vyro galimyb\u0117mis eiti dar vien\u0105 kadencij\u0105. <\/p>\n<p><strong><u>SPAUSKITE \u010cIA, KAD GAUTI FOX NAUJIEN\u0172 PROGRAM\u0104<\/u><\/strong><\/p>\n<p>Pirmosios ponios biuras ir buvusios Atstov\u0173 R\u016bm\u0173 pirminink\u0117s Nancy Pelosi biuras i\u0161 karto neatsak\u0117 \u012f \u201eFox News Digital\u201c pra\u0161ym\u0105 pakomentuoti. <\/p>\n<p> <!----> <\/p>\n<div class=\"article-meta\">\n<div class=\"author-bio\">\n<p>Hanna Panreck yra \u201eFox News\u201c asocijuotoji redaktor\u0117.<\/p>\n<\/div>\n<\/div><\/div>\n<p><br \/>\n<br \/><a href=\"https:\/\/www.foxnews.com\/media\/nancy-pelosis-daughter-claps-back-jill-biden-tells-her-worry-about-her-husbands-legacy\">Source link <\/a><\/p>\n","protected":false},"excerpt":{"rendered":"<p>Alexandra Pelosi, buvusi Atstov\u0173 R\u016bm\u0173 pirminink\u0117s Nancy Pelosi dukra, pasikviet\u0117 pirm\u0105j\u0105 poni\u0105 Jill Biden ir pasi\u016bl\u0117 \u201eLedi McBiden\u201c pagalvoti apie&hellip;<\/p>\n","protected":false},"author":1,"featured_media":1089,"comment_status":"","ping_status":"","sticky":false,"template":"","format":"standard","meta":{"om_disable_all_campaigns":false,"_monsterinsights_skip_tracking":false,"_monsterinsights_sitenote_active":false,"_monsterinsights_sitenote_note":"","_monsterinsights_sitenote_category":0,"footnotes":""},"categories":[168],"tags":[2810,59,2807,2809,2808,2805,2811,2812,2806,580,2721],"class_list":["post-1088","post","type-post","status-publish","format-standard","has-post-thumbnail","hentry","category-pasaulio-naujienos","tag-biden","tag-del","tag-dukra","tag-jill","tag-liepia","tag-nancy","tag-nerimauti","tag-palikimo","tag-pelosi","tag-savo","tag-vyro"],"aioseo_notices":[],"_links":{"self":[{"href":"https:\/\/naujienaplius.lt\/index.php\/wp-json\/wp\/v2\/posts\/1088","targetHints":{"allow":["GET"]}}],"collection":[{"href":"https:\/\/naujienaplius.lt\/index.php\/wp-json\/wp\/v2\/posts"}],"about":[{"href":"https:\/\/naujienaplius.lt\/index.php\/wp-json\/wp\/v2\/types\/post"}],"author":[{"embeddable":true,"href":"https:\/\/naujienaplius.lt\/index.php\/wp-json\/wp\/v2\/users\/1"}],"replies":[{"embeddable":true,"href":"https:\/\/naujienaplius.lt\/index.php\/wp-json\/wp\/v2\/comments?post=1088"}],"version-history":[{"count":0,"href":"https:\/\/naujienaplius.lt\/index.php\/wp-json\/wp\/v2\/posts\/1088\/revisions"}],"wp:featuredmedia":[{"embeddable":true,"href":"https:\/\/naujienaplius.lt\/index.php\/wp-json\/wp\/v2\/media\/1089"}],"wp:attachment":[{"href":"https:\/\/naujienaplius.lt\/index.php\/wp-json\/wp\/v2\/media?parent=1088"}],"wp:term":[{"taxonomy":"category","embeddable":true,"href":"https:\/\/naujienaplius.lt\/index.php\/wp-json\/wp\/v2\/categories?post=1088"},{"taxonomy":"post_tag","embeddable":true,"href":"https:\/\/naujienaplius.lt\/index.php\/wp-json\/wp\/v2\/tags?post=1088"}],"curies":[{"name":"wp","href":"https:\/\/api.w.org\/{rel}","templated":true}]}}