{"id":1106,"date":"2025-01-21T05:37:50","date_gmt":"2025-01-21T05:37:50","guid":{"rendered":"https:\/\/naujienaplius.lt\/index.php\/2025\/01\/21\/tiltu-tiesimas-sylvanas-adamsas-apie-kulturine-diplomatija-ir-taikos-kurima\/"},"modified":"2025-01-21T05:37:50","modified_gmt":"2025-01-21T05:37:50","slug":"tiltu-tiesimas-sylvanas-adamsas-apie-kulturine-diplomatija-ir-taikos-kurima","status":"publish","type":"post","link":"https:\/\/naujienaplius.lt\/index.php\/2025\/01\/21\/tiltu-tiesimas-sylvanas-adamsas-apie-kulturine-diplomatija-ir-taikos-kurima\/","title":{"rendered":"Tilt\u0173 tiesimas: Sylvanas Adamsas apie kult\u016brin\u0119 diplomatij\u0105 ir taikos k\u016brim\u0105"},"content":{"rendered":"<p> <br \/>\n<\/p>\n<div id=\"mvp-content-main\">\n<p><strong><em>Sylvanas Adamsas (nuotraukoje), pla\u010diai pripa\u017eintas kaip pagrindinis filantropas ir aistringas kult\u016brin\u0117s diplomatijos gyn\u0117jas, savo pastangas skyr\u0117 taikai ir supratimui Artimuosiuose Rytuose puosel\u0117ti. Jo novatori\u0161kos iniciatyvos, ma\u017einan\u010dios kult\u016brin\u0119 atskirt\u012f ir skatinan\u010dios bendradarbiavim\u0105, susilauk\u0117 tarptautinio d\u0117mesio ir pripa\u017einimo. Be daugelio jo laim\u0117jim\u0173, Adamso \u012fsipareigojimas taikos k\u016brimui peln\u0117 kvietim\u0105 \u012f Trumpo inauguracij\u0105, pabr\u0117\u017edamas pasaulin\u012f jo darbo poveik\u012f. \u0160iame pokalbyje Adamsas apm\u0105sto savo filantropijos motyvus, kult\u016brin\u0117s diplomatijos i\u0161\u0161\u016bkius ir triumfus bei ilgalaik\u0119 svarb\u0105 tiesti tiltus susiskald\u017eiusiame pasaulyje.<\/em><\/strong><\/p>\n<p><em>Sylvanai, esate laikomas pradininku kult\u016brin\u0117s diplomatijos srityje. Ar nor\u0117tum\u0117te \u0161iek tiek paai\u0161kinti, kaip dirbate?<\/em><\/p>\n<p>A\u0161 labai tikiu paprast\u0173 \u017emoni\u0173, \u017emoni\u0173 tarpusavio diplomatija, kuri sukuria s\u0105lygas \u0161iltam bendravimui tarp \u0161ali\u0173, net ir t\u0173, kurios neturi oficiali\u0173 santyki\u0173 su Izraeliu.<\/p>\n<p><em>Jums taip pat priklauso Izraelio dvira\u010di\u0173 komanda. Kaip \u0161i komanda atitinka j\u016bs\u0173 vizij\u0105?<\/em><\/p>\n<p>Dvira\u010di\u0173 sportas yra viena populiariausi\u0173 sporto \u0161ak\u0173 pasaulyje: \u201eTour de France\u201c visame pasaulyje \u017ei\u016bri daugiau nei du milijardus televizijos \u017ei\u016brov\u0173. Mano Izraelio \u201ePremiertech\u201c dvira\u010di\u0173 komanda i\u0161did\u017eiai vadinasi \u201eIzraelis\u201c. Tai nepaisant to, kad negavo n\u0117 vieno \u0161ekelio paramos i\u0161 m\u016bs\u0173 vyriausyb\u0117s.<\/p>\n<p>Tai darau, nes kaip Izraelio \u201epasirinktas ambasadorius apskritai\u201c, manau, kad svarbu parodyti, kad mano \u0161alis Izraelis yra j\u0117ga \u0161ioje planetoje, prisidedanti prie \u017eem\u0117s \u016bkio, technologij\u0173 ir klimato kaitos srityse. , vandens tvarkymas, dykum\u0173 mokslas, kult\u016bra ir taip, net sportas, kuri\u0173 \u012fna\u0161as yra labai neproporcingas m\u016bs\u0173 ma\u017eam dyd\u017eiui. A\u0161 emigravau i\u0161 Kanados. Neb\u016b\u010diau persik\u0117l\u0119s \u012f \u0161al\u012f, kuri yra ma\u017eiau atvira, toleranti\u0161ka, pliuralistin\u0117 ir demokrati\u0161ka, nei mano gimtoji Kanada.<\/p>\n<p>Kai mano Izraelio dvira\u010di\u0173 komanda puikiai pasirodo didel\u0117se lenktyn\u0117se, televizijos diktoriai \u017eod\u012f \u201eIzraelis\u201c gali pamin\u0117ti 150 kart\u0173, visada teigiamai. Taip galime atne\u0161ti savo ger\u0105 vard\u0105 daugumai \u017emoni\u0173 \u2013 a\u0161 juos vadinu tyli\u0105ja dauguma \u2013 kurie u\u017ejau\u010dia Izrael\u012f, nepaisant prie\u0161i\u0161kos \u017einiasklaidos nu\u0161vietimo ir bjaurios antiizraeli\u0161k\u0173, antisemitini\u0173 neapykant\u0173 veiklos.<\/p>\n<p><span class=\"mvp-ad-label\">Reklama<\/span><\/p>\n<p><!-- Square Ad EuReporter --><\/p>\n<p>Kaip Izraelio \u201epasirinktas ambasadorius\u201c, tok\u012f \u012fvaizd\u012f bandau sukurti \u017emon\u0117ms, kurie m\u016bs\u0173 nelabai pa\u017e\u012fsta. Kaip jau min\u0117ta, tai darau su komanda, kuri keliauja po pasaul\u012f ne\u0161ini m\u016bs\u0173 geru vardu, bet taip pat ir per didelio masto renginius Izraelyje, pvz., \u201eGiro d&#8217;Italia\u201c start\u0105 Izraelyje, Pranc\u016bzijos \u201eTroph\u00e9e des Championships\u201c Leo Messi, garsiausias pasaulio sportininkas), ir Madonna \u012f Eurovizijos dain\u0173 konkurs\u0105, vykus\u012f Tel Avive.<\/p>\n<p>Minint 2023 m. spalio 7 d. \u012fvykusi\u0105 tragedij\u0105, planuoju surengti progin\u012f \u201eNovos\u201c koncert\u0105 toje pa\u010dioje vietoje, kur buvo \u017eiauriai nu\u017eudyta, i\u0161prievartauta, kankinama ir paimta \u012fkaitais tiek daug jaun\u0173 koncerto lankytoj\u0173. blogi, barbari\u0161ki teroristai. Mano planas yra atne\u0161ti didelius antra\u0161tes, kad pad\u0117t\u0173 i\u0161gydyti tos baisios dienos \u017eaizdas.<\/p>\n<p><em>Buvo prane\u0161ta, kad j\u016bs\u0173 dvira\u010di\u0173 komandos dalyvavimas dvira\u010di\u0173 lenktyn\u0117se \u201eIsrael-Premiertechding\u201c JAE pad\u0117jo nutiesti keli\u0105 realaus pasaulio politiniams susitarimams arba i\u0161bandyti vanden\u012f. I\u0161 kur tai kyla?<\/em><\/p>\n<p>Mano Israel-Premiertech komanda lenktyniavo Emyrat\u0173 ture likus vos keliems m\u0117nesiams iki Abraomo susitarim\u0173 pasira\u0161ymo. Va\u017ein\u0117jome po vis\u0105 \u0161al\u012f, ant m\u016bs\u0173 megztini\u0173 ai\u0161kiai puikavosi pavadinimas \u201eIzraelis\u201c. Ten ne tik nepatyr\u0117me jokio prie\u0161i\u0161kumo, bet buvome \u0161iltai sutikti. Emyrat\u0173 vaikai stov\u0117jo eil\u0117je, kad gaut\u0173 m\u016bs\u0173 motociklinink\u0173 autografus ir suvenyrinius vandens butelius, papuo\u0161tus pavadinimu \u201eIzraelis\u201c.<\/p>\n<p>Amerikos taikos derybininkai man pasak\u0117, kad Emyratai atkreip\u0117 d\u0117mes\u012f \u012f tai, kad prie\u0161i\u0161kumas Izraeliui i\u0161 esm\u0117s tr\u016bko, o tai pad\u0117jo sukurti s\u0105lygas, d\u0117l kuri\u0173 po \u0161e\u0161i\u0173 m\u0117nesi\u0173 buvo pasira\u0161yti Abraomo susitarimai. Kadangi tai buvo amerikieti\u0161ka ceremonija, man buvo suteikta privilegija, kad buvau vienas i\u0161 vieninteli\u0173 izraelie\u010di\u0173, pakviest\u0173 \u012f Baltuosius r\u016bmus liudyti susitarim\u0173 pasira\u0161ym\u0105.<\/p>\n<p><em>Neseniai paaukojote 100 milijon\u0173 doleri\u0173 Ben Guriono universitetui Izraelio Negevo dykumoje. Kuo pagr\u012fstas toks didelis aukojimas vienam universitetui ir kaip tai atitinka j\u016bs\u0173 platesn\u0119 vizij\u0105?<\/em><\/p>\n<p>Spalio 7-osios tragedija \u012fvyko netoli Beer \u0160evos, Izraelio Negevo dykumos sostin\u0117s, kur yra Ben Guriono universitetas. I\u0161 esm\u0117s investicijos \u012f pietus, m\u016bs\u0173 perkelt\u0173j\u0173 \u017emoni\u0173 sugr\u0105\u017einimas ir m\u016bs\u0173 gyventoj\u0173 skai\u010diaus augimas ten rodo teroristams ir, ties\u0105 sakant, visam pasauliui, kad Izraelio valstyb\u0117 i\u0161tvers. Esame \u010dia, kad pasiliktume, nepaisant terorist\u0173 genocidini\u0173 ambicij\u0173.<\/p>\n<p>Ben Guriono universitetas yra piet\u0173 ekonomikos variklis. Jei norime sugr\u0105\u017einti savo perkeltuosius \u017emones namo ir pritraukti nauj\u0173 gyventoj\u0173 \u012f pietus, jiems reik\u0117s darbo, ir tai yra mano didel\u0117s aukos BGU prie\u017eastis.<\/p>\n<p><em>Esate atviras ir i\u0161didus Izraelio gyn\u0117jas, netgi spausdinate vizitines korteles, kuriose nurodoma, kad esate \u201epasirinktas Izraelio ambasadorius apskritai\u201c. Kaip paai\u0161kinate did\u0117jant\u012f prie\u0161i\u0161kum\u0105 savo tautai didel\u0117se Europos dalyse ir koks yra j\u016bs\u0173 sprendimas, kaip pagerinti Izraelio \u012fvaizd\u012f \u017eemyne?<\/em><\/p>\n<p>Net jei mes to nemat\u0117me, neapykanta buvo ai\u0161kiai visada egzistuojanti, o spalio 7 d. Spalio 8 d., gerokai prie\u0161 Izraeliui i\u0161vykstant \u012f Gaz\u0105 ginti m\u016bs\u0173 tautos ir i\u0161gauti \u012fkaitais paimtus \u017emones, vyko prie\u0161i\u0161kos antiizraelin\u0117s ir antisemitin\u0117s demonstracijos su naci\u0173 v\u0117liavomis ir antisemitin\u0117mis skanduot\u0117mis (\u201edujomis \u017eydus\u201c). Tai yra 30 met\u0173 gerai finansuojamos niek\u0161i\u0161k\u0173 u\u017esienio paj\u0117g\u0173 i\u0161 Kataro ir Irano, o pastaruoju metu ir Kinijos, kampanijos, skirtos pakirsti Izraelio ir \u017eyd\u0173 tautos pad\u0117t\u012f, dalis. Visose vakar\u0173 \u0161alyse veikia apmokami u\u017esienio darbuotojai, skleid\u017eiantys neapykant\u0105. \u017dydai yra tik patarl\u0117 \u201ekanar\u0117l\u0117 angli\u0173 kasykloje\u201c. Jei mes nusileisime, neduok Dieve, jie ateis paskui jus likusius.<\/p>\n<p>Manau, kad did\u017eioji tylioji dauguma tai supranta ir bjaurisi neapykant\u0173 taktika su j\u0173 \u201ed\u017eihado\u201c ir \u201eintifados\u201c i\u0161rai\u0161komis. \u0160i dauguma yra su Europos, Amerikos ir Izraelio \u017eydais.<\/p>\n<p>Turime mobilizuotis ir kovoti atgal \u0161iame elektroniniame prie\u0161i\u0161kos socialin\u0117s \u017einiasklaidos kare. Tuo tarpu mes ir toliau i\u0161did\u017eiai ginsime savo vertybes, kurios yra Vakar\u0173 civilizacijos vertyb\u0117s. I\u0161 ties\u0173, Izraelis kovoja su viso Vakar\u0173 pasaulio karu.<\/p>\n<p><em>Suprantame, kad buvote vienas i\u0161 nedaugelio izraelie\u010di\u0173, pakviest\u0173 \u012f prezidento Trumpo inauguracij\u0105. Jei gal\u0117tum\u0117te vien\u0105 kart\u0105 paklausti naujojo prezidento, kas tai b\u016bt\u0173?<\/em><\/p>\n<p>Kai sakau \u017emon\u0117ms, kad esu i\u0161 Izraelio, i\u0161 karto sulaukiu \u0161ilumos ir palaikymo. Tai yra dauguma, apie kuri\u0105 min\u0117jau auk\u0161\u010diau. Atsi\u017evelgiant \u012f tai, kad \u017einiasklaida pla\u010diai nu\u0161vie\u010dia neapykant\u0105, d\u017eiugu, kad esame \u010dia taip sveikintini.<\/p>\n<p>Did\u017eiausia problema, su kuria susiduria Izraelis ir, ties\u0105 sakant, visas Vakar\u0173 aljansas, yra branduolinio Irano perspektyva. Tiesiog negalime leisti, kad \u0161is fanati\u0161kas re\u017eimas \u012fgyt\u0173 karin\u012f imunitet\u0105, nes jie ir j\u0173 terorist\u0173 \u012fgaliotiniai Irane, Irake, Libane, Sirijoje ir Jemene atakuoja Izraelio ir Vakar\u0173 taikinius. Iranie\u010diams \u017eengiant vis ar\u010diau branduolini\u0173 bomb\u0173 k\u016brimo, nor\u0117\u010diau maldauti prezident\u0105 Trump\u0105, kad tai b\u016bt\u0173 prioritetas ir kad jis prisijungt\u0173 prie Izraelio karin\u0117je ir ekonomin\u0117je kampanijoje, kuri neleid\u017eia tam \u012fvykti.<\/p>\n<p>Trumpo administracijos politika tur\u0117t\u0173 b\u016bti re\u017eimo keitimas Irane. Nukirtus teroristiniam a\u0161tuonkojui galv\u0105, susitraukt\u0173 jo \u012fgaliotieji \u010diuptuvai ir b\u016bt\u0173 sudarytos s\u0105lygos 100 met\u0173 taikai. Did\u017eioji dauguma iranie\u010di\u0173 bjaurisi savo re\u017eimu ir neturi jautienos su Izraeliu ir \u017eydais. Pasikeitus Irano re\u017eimui, ma\u010diau Izraelio taikos susitarimus ne tik su Iranu, bet ir su Sirija bei Libanu, vedan\u010dius \u012f t\u0105 pat\u012f su Saudo Arabija, Kataru, Kuveitu, Omanu ir net palestinie\u010diais. Galiausiai \u0161ios \u0161alys susid\u0117s, kad pasira\u0161yt\u0173 su mumis laisvosios prekybos susitarimus, kad gal\u0117t\u0173 pasinaudoti m\u016bs\u0173 dinami\u0161kos Izraelio technologijos gyvybingumu.<\/p>\n<p>Su b\u016bsima Trumpo administracija a\u0161 labai optimisti\u0161kai \u017ei\u016briu \u012f m\u016bs\u0173 ateit\u012f.<\/p>\n<p style=\"font-family: Oswald; text-transform: uppercase; padding-top: 7px; font-weight: 500;padding-right: 10px; margin-bottom: 5px !important;\">Pasidalinkite \u0161iuo straipsniu:<\/p>\n<p><!-- AddThis Advanced Settings above via filter on the_content --><!-- AddThis Advanced Settings below via filter on the_content --><!-- AddThis Advanced Settings generic via filter on the_content --><!-- AddThis Share Buttons above via filter on the_content --><!-- AddThis Share Buttons below via filter on the_content --><!-- AddThis Share Buttons generic via filter on the_content -->\t\t\t\t\t\t\t\t\t\t\t\t\t\t\t\t\t\t\t\t\t\t\t\t\t\t\t<\/div>\n<p><script>\n  !function(f,b,e,v,n,t,s)\n  {if(f.fbq)return;n=f.fbq=function(){n.callMethod?\n  n.callMethod.apply(n,arguments):n.queue.push(arguments)};\n  if(!f._fbq)f._fbq=n;n.push=n;n.loaded=!0;n.version='2.0';\n  n.queue=();t=b.createElement(e);t.async=!0;\n  t.src=v;s=b.getElementsByTagName(e)(0);\n  s.parentNode.insertBefore(t,s)}(window, document,'script',\n  'https:\/\/connect.facebook.net\/en_US\/fbevents.js');\n  fbq('init', '983499669057919');\n  fbq('track', 'PageView');\n<\/script><br \/>\n<br \/><br \/>\n<br \/><a href=\"https:\/\/www.eureporter.co\/interview\/2025\/01\/20\/building-bridges-sylvan-adams-on-cultural-diplomacy-and-peace-building\/\">Source link <\/a><\/p>\n","protected":false},"excerpt":{"rendered":"<p>Sylvanas Adamsas (nuotraukoje), pla\u010diai pripa\u017eintas kaip pagrindinis filantropas ir aistringas kult\u016brin\u0117s diplomatijos gyn\u0117jas, savo pastangas skyr\u0117 taikai ir supratimui Artimuosiuose&hellip;<\/p>\n","protected":false},"author":1,"featured_media":1107,"comment_status":"","ping_status":"","sticky":false,"template":"","format":"standard","meta":{"om_disable_all_campaigns":false,"_monsterinsights_skip_tracking":false,"_monsterinsights_sitenote_active":false,"_monsterinsights_sitenote_note":"","_monsterinsights_sitenote_category":0,"footnotes":""},"categories":[208],"tags":[2855,28,2857,2856,2858,2854,863,2853,2852],"class_list":["post-1106","post","type-post","status-publish","format-standard","has-post-thumbnail","hentry","category-zinios-is-europos","tag-adamsas","tag-apie","tag-diplomatija","tag-kulturine","tag-kurima","tag-sylvanas","tag-taikos","tag-tiesimas","tag-tiltu"],"aioseo_notices":[],"_links":{"self":[{"href":"https:\/\/naujienaplius.lt\/index.php\/wp-json\/wp\/v2\/posts\/1106","targetHints":{"allow":["GET"]}}],"collection":[{"href":"https:\/\/naujienaplius.lt\/index.php\/wp-json\/wp\/v2\/posts"}],"about":[{"href":"https:\/\/naujienaplius.lt\/index.php\/wp-json\/wp\/v2\/types\/post"}],"author":[{"embeddable":true,"href":"https:\/\/naujienaplius.lt\/index.php\/wp-json\/wp\/v2\/users\/1"}],"replies":[{"embeddable":true,"href":"https:\/\/naujienaplius.lt\/index.php\/wp-json\/wp\/v2\/comments?post=1106"}],"version-history":[{"count":0,"href":"https:\/\/naujienaplius.lt\/index.php\/wp-json\/wp\/v2\/posts\/1106\/revisions"}],"wp:featuredmedia":[{"embeddable":true,"href":"https:\/\/naujienaplius.lt\/index.php\/wp-json\/wp\/v2\/media\/1107"}],"wp:attachment":[{"href":"https:\/\/naujienaplius.lt\/index.php\/wp-json\/wp\/v2\/media?parent=1106"}],"wp:term":[{"taxonomy":"category","embeddable":true,"href":"https:\/\/naujienaplius.lt\/index.php\/wp-json\/wp\/v2\/categories?post=1106"},{"taxonomy":"post_tag","embeddable":true,"href":"https:\/\/naujienaplius.lt\/index.php\/wp-json\/wp\/v2\/tags?post=1106"}],"curies":[{"name":"wp","href":"https:\/\/api.w.org\/{rel}","templated":true}]}}