{"id":1112,"date":"2025-01-21T17:57:20","date_gmt":"2025-01-21T17:57:20","guid":{"rendered":"https:\/\/naujienaplius.lt\/index.php\/2025\/01\/21\/spalio-menesi-izraelio-kariuomenes-vadas-atsistatydino-7-hamas-zudynes-sveria-mane-kasdien\/"},"modified":"2025-01-21T17:57:20","modified_gmt":"2025-01-21T17:57:20","slug":"spalio-menesi-izraelio-kariuomenes-vadas-atsistatydino-7-hamas-zudynes-sveria-mane-kasdien","status":"publish","type":"post","link":"https:\/\/naujienaplius.lt\/index.php\/2025\/01\/21\/spalio-menesi-izraelio-kariuomenes-vadas-atsistatydino-7-hamas-zudynes-sveria-mane-kasdien\/","title":{"rendered":"Spalio m\u0117nes\u012f Izraelio kariuomen\u0117s vadas atsistatydino. 7 \u201eHamas\u201c \u017eudyn\u0117s: \u201esveria mane kasdien\u201c"},"content":{"rendered":"<p> <br \/>\n<\/p>\n<div>\n<div class=\"article-gating gated-overlay\">\n<div class=\"article-gating-wrapper\">\n<p>Prisijunkite prie \u201eFox News\u201c, kad gal\u0117tum\u0117te pasiekti \u0161\u012f turin\u012f<\/p>\n<p>Be to, speciali prieiga prie pasirinkt\u0173 straipsni\u0173 ir kito auk\u0161\u010diausios kokyb\u0117s turinio su savo paskyra \u2013 nemokama.<\/p>\n<div class=\"article-gating-legal tablet-desktop\">\u012evesdami el. pa\u0161to adres\u0105 ir paspausdami t\u0119sti, j\u016bs sutinkate su \u201eFox News\u201c naudojimo s\u0105lygomis ir privatumo politika, \u012f kuri\u0105 \u012ftrauktas prane\u0161imas apie finansines paskatas.\n    <\/div>\n<p><span>\u012eveskite galiojant\u012f el. pa\u0161to adres\u0105.<\/span><\/p>\n<footer class=\"article-gating-footer\">Turite problem\u0173? Spauskite \u010dia.<\/footer>\n<\/div>\n<\/div>\n<p class=\"speakable\">Izraelio gynybos paj\u0117g\u0173 (IDF) \u0161tabo vir\u0161ininkas generolas leitenantas Herzi Halevi antradien\u012f paskelb\u0117 apie atsistatydinim\u0105 ir prisi\u0117m\u0117 atsakomyb\u0119 u\u017e kariuomen\u0117s nes\u0117kmes per spalio 7 d. \u201eHamas\u201c teroristinius i\u0161puolius. <\/p>\n<p class=\"speakable\">Jo pasitraukimas, numatytas 2025 m. kov\u0105, \u017eymi keturis de\u0161imtme\u010dius trukusios karin\u0117s karjeros pabaig\u0105 ir suk\u0117l\u0117 politin\u0119 sumai\u0161t\u012f, o ministro pirmininko Benjamino Netanyahu oponentai ragina j\u012f atsistatydinti.<\/p>\n<p>&#8222;Spalio 7 d. ryt\u0105 mano vadovaujami IDF nepavyko \u012fvykdyti savo misijos apsaugoti Izraelio pilie\u010dius. \u0160i nes\u0117km\u0117 mane slegia kiekvien\u0105 dien\u0105 ir tai darys vis\u0105 likus\u012f gyvenim\u0105&#8221;, \u2013 ra\u0161\u0117 Halevi atsistatydinimo lai\u0161ke, kreipdamasis \u012f IDF nes\u0117km\u0117 per precedento neturint\u012f \u201eHamas\u201c puolim\u0105, per kur\u012f \u017euvo daugiau nei 1 400 izraelie\u010di\u0173, o de\u0161imtys buvo pagrobta.<\/p>\n<p>Nepaisant spalio 7 d. \u012fvykusios tragedijos, Halevi pabr\u0117\u017e\u0117 IDF pasiekimus jam vadovaujant, \u012fskaitant operacijas, kurios susilpnino Hamas, Hezbollah ir Irano \u012ftak\u0105 regione. \u201eIDF sugeb\u0117jo pakilti i\u0161 labai sud\u0117tingo pradinio ta\u0161ko ir surengti intensyvias kovas per daugiau nei metus ir tris m\u0117nesius septyniuose operacij\u0173 teatruose\u201c, \u2013 parei\u0161k\u0117 jis. \u201eIDF kariniai pasiekimai pakeit\u0117 Artimuosius Rytus\u201c.<\/p>\n<p><strong>SALDUS D\u017dI\u016aGIMAS, KAIP PIRMIEJI \u012eKIAI GR\u012e\u017dTA \u012e IZRAEL\u0104 PO 471 DIENOS NElaisv\u0117je<\/strong><\/p>\n<div class=\"image-ct inline\">\n<div class=\"m\"><picture><source media=\"(max-width: 767px)\" srcset=\"https:\/\/a57.foxnews.com\/static.foxnews.com\/foxnews.com\/content\/uploads\/2024\/02\/343\/192\/IDF-Chief-of-Staff.jpeg?ve=1&amp;tl=1, https:\/\/a57.foxnews.com\/static.foxnews.com\/foxnews.com\/content\/uploads\/2024\/02\/686\/384\/IDF-Chief-of-Staff.jpeg?ve=1&amp;tl=1 2x\" height=\"192\" width=\"343\"><source media=\"(min-width: 768px) and (max-width: 1023px)\" srcset=\"https:\/\/a57.foxnews.com\/static.foxnews.com\/foxnews.com\/content\/uploads\/2024\/02\/672\/378\/IDF-Chief-of-Staff.jpeg?ve=1&amp;tl=1, https:\/\/a57.foxnews.com\/static.foxnews.com\/foxnews.com\/content\/uploads\/2024\/02\/1344\/756\/IDF-Chief-of-Staff.jpeg?ve=1&amp;tl=1 2x\" height=\"378\" width=\"672\"><source media=\"(min-width: 1024px) and (max-width: 1279px)\" srcset=\"https:\/\/a57.foxnews.com\/static.foxnews.com\/foxnews.com\/content\/uploads\/2024\/02\/931\/523\/IDF-Chief-of-Staff.jpeg?ve=1&amp;tl=1, https:\/\/a57.foxnews.com\/static.foxnews.com\/foxnews.com\/content\/uploads\/2024\/02\/1862\/1046\/IDF-Chief-of-Staff.jpeg?ve=1&amp;tl=1 2x\" height=\"523\" width=\"931\"><source media=\"(min-width: 1280px)\" srcset=\"https:\/\/a57.foxnews.com\/static.foxnews.com\/foxnews.com\/content\/uploads\/2024\/02\/720\/405\/IDF-Chief-of-Staff.jpeg?ve=1&amp;tl=1, https:\/\/a57.foxnews.com\/static.foxnews.com\/foxnews.com\/content\/uploads\/2024\/02\/1440\/810\/IDF-Chief-of-Staff.jpeg?ve=1&amp;tl=1 2x\" height=\"405\" width=\"720\"><\/source><\/source><\/source><\/source><\/picture><\/div>\n<div class=\"info\">\n<div class=\"caption\">\n<p><span>Gen. leitenantas Herzi Halevi Libano pasienyje atlieka situacijos vertinim\u0105 ir diskusij\u0105 su rezervo vadais.<\/span> <span>(IDF atstovo spaudai skyrius)<\/span><\/p>\n<\/div>\n<\/div>\n<\/div>\n<p>Halevi sak\u0117: &#8222;Karo tikslai dar n\u0117ra visi\u0161kai pasiekti. IDF t\u0119s kov\u0105, kad i\u0161ardyt\u0173 &#8222;Hamas&#8221; valdymo paj\u0117gumus, u\u017etikrint\u0173 vis\u0173 \u012fkait\u0173 gr\u0105\u017einim\u0105 ir sustiprint\u0173 saugumo s\u0105lygas, kad u\u017etikrint\u0173 saug\u0173 gyventoj\u0173 gr\u012f\u017eim\u0105 \u012f savo namus.&#8221; Jis pabr\u0117\u017e\u0117, kad jo atsistatydinimas \u012fvyko po paliaub\u0173 ir naujo susitarimo d\u0117l \u012fkait\u0173 gr\u0105\u017einimo.<\/p>\n<p>Ministras Pirmininkas Netanyahu pad\u0117kojo Halevi u\u017e tarnyb\u0105 savo biuro parei\u0161kime: \u201eMinistras pirmininkas pad\u0117kojo \u0161tabo vir\u0161ininkui u\u017e ilgamet\u0119 tarnyb\u0105 ir vadovavim\u0105 Atgimimo kare septyniuose frontuose, kurie atne\u0161\u0117 reik\u0161ming\u0173 laim\u0117jim\u0173 Izraelio valstybei. \u201c. Gynybos ministras Israelis Katzas taip pat gyr\u0117 Halevi ind\u0117l\u012f, pa\u017eym\u0117damas: \u201eJis ir toliau vykdys savo pareigas ir pri\u017ei\u016br\u0117s tvarking\u0105 pereinam\u0105j\u012f proces\u0105 iki savo kadencijos pabaigos\u201c.<\/p>\n<p>Halevi atsistatydinimas \u017eymi reik\u0161mingiausi\u0105 pasitraukim\u0105 i\u0161 Izraelio saugumo institucijos po spalio 7 d. \u012fvyki\u0173. Netanyahu atsisak\u0117 prisiimti atsakomyb\u0119 u\u017e \u0161ias nes\u0117kmes, ne kart\u0105 teigdamas, kad atsakomyb\u0117 ateis tik po karo.<\/p>\n<p><strong>IZRAELAS, HAMAS PAliaubos susitarimas GALI \u012egalinti GAZOS TERORISTUS<\/strong><strong> <\/strong><\/p>\n<div class=\"image-ct inline\">\n<div class=\"m\"><picture><source media=\"(max-width: 767px)\" srcset=\"https:\/\/a57.foxnews.com\/static.foxnews.com\/foxnews.com\/content\/uploads\/2024\/06\/343\/192\/nova-music-festival.jpg?ve=1&amp;tl=1, https:\/\/a57.foxnews.com\/static.foxnews.com\/foxnews.com\/content\/uploads\/2024\/06\/686\/384\/nova-music-festival.jpg?ve=1&amp;tl=1 2x\" height=\"192\" width=\"343\"><source media=\"(min-width: 768px) and (max-width: 1023px)\" srcset=\"https:\/\/a57.foxnews.com\/static.foxnews.com\/foxnews.com\/content\/uploads\/2024\/06\/672\/378\/nova-music-festival.jpg?ve=1&amp;tl=1, https:\/\/a57.foxnews.com\/static.foxnews.com\/foxnews.com\/content\/uploads\/2024\/06\/1344\/756\/nova-music-festival.jpg?ve=1&amp;tl=1 2x\" height=\"378\" width=\"672\"><source media=\"(min-width: 1024px) and (max-width: 1279px)\" srcset=\"https:\/\/a57.foxnews.com\/static.foxnews.com\/foxnews.com\/content\/uploads\/2024\/06\/931\/523\/nova-music-festival.jpg?ve=1&amp;tl=1, https:\/\/a57.foxnews.com\/static.foxnews.com\/foxnews.com\/content\/uploads\/2024\/06\/1862\/1046\/nova-music-festival.jpg?ve=1&amp;tl=1 2x\" height=\"523\" width=\"931\"><source media=\"(min-width: 1280px)\" srcset=\"https:\/\/a57.foxnews.com\/static.foxnews.com\/foxnews.com\/content\/uploads\/2024\/06\/720\/405\/nova-music-festival.jpg?ve=1&amp;tl=1, https:\/\/a57.foxnews.com\/static.foxnews.com\/foxnews.com\/content\/uploads\/2024\/06\/1440\/810\/nova-music-festival.jpg?ve=1&amp;tl=1 2x\" height=\"405\" width=\"720\"><img loading=\"lazy\" decoding=\"async\" src=\"https:\/\/a57.foxnews.com\/static.foxnews.com\/foxnews.com\/content\/uploads\/2024\/06\/1200\/675\/nova-music-festival.jpg?ve=1&amp;tl=1\" alt=\"memorialas Novos muzikos festivalyje\" width=\"1200\" height=\"675\"\/><\/source><\/source><\/source><\/source><\/picture><\/div>\n<div class=\"info\">\n<div class=\"caption\">\n<p><span>Memorialiniai paminklai 2024 m. gegu\u017e\u0117s 27 d. \u201eHamas\u201c teroro i\u0161puolio prie\u0161 muzikos festival\u012f \u201eSupernova\u201c netoli Kibutz Reimo (Izraelis) vietoje.<\/span> <span>(Kobi Wolf \/ Bloomberg per Getty Images)<\/span><\/p>\n<\/div>\n<\/div>\n<\/div>\n<p>Opozicijos lyderiai panaudojo Halevi atsistatydinim\u0105, kad eskaluot\u0173 kritik\u0105 Netanyahu. Opozicijos lyderis Yairas Lapidas parei\u0161k\u0117: \u201eSveikinu generol\u0105 leitenant\u0105 Halevi u\u017e jo s\u0105\u017einingum\u0105. Dabar at\u0117jo laikas ministrui pirmininkui ir jo pragai\u0161tingai vyriausybei prisiimti atsakomyb\u0119 ir atsistatydinti\u201c. Buv\u0119s gynybos ministras Benny Gantzas tai pakartojo ir pavadino Halevi sprendim\u0105 eti\u0161ku ir pagirtinu. \u201eVyriausyb\u0117 turi pasekti jo pavyzd\u017eiu ir \u012fsteigti valstybin\u0119 tyrimo komisij\u0105 visuomen\u0117s pasitik\u0117jimui atkurti\u201c, \u2013 prid\u016br\u0117 jis. Avigdoras Liebermanas taip pat paragino Netanyahu ir jo kabinet\u0105 atsistatydinti.<\/p>\n<p>Iki \u0161iol Izraelio vyriausyb\u0117 nepritar\u0117 valstybin\u0117s komisijos, tirian\u010dios spalio 7 dienos \u012fvykius, sudarymui. Kneseto nar\u0117 Orit Farkash-Hacohen paskelb\u0117, kad tre\u010diadien\u012f pateiks \u012fstatymo projekt\u0105 d\u0117l tokios komisijos sudarymo, atsistatydinus IDF \u0161tabo vadui.<\/p>\n<p>Spalio 7 d. auk\u0173 \u0161eimos reikalavo atsakomyb\u0117s tiek i\u0161 kariuomen\u0117s, tiek i\u0161 vyriausyb\u0117s, ragindamos prad\u0117ti valstybin\u012f tyrim\u0105. \u201eMes nenuilsime, kol nebus sudaryta komisija, kuri u\u017ekirst\u0173 keli\u0105 nelaim\u0117ms ateityje\u201c, \u2013 sakoma j\u0173 prane\u0161ime.<\/p>\n<p><strong>SPAUSKITE \u010cIA, KAD GAUTI FOX NAUJIEN\u0172 PROGRAM\u0104<\/strong><\/p>\n<div class=\"image-ct inline\">\n<div class=\"m\"><picture><source media=\"(max-width: 767px)\" srcset=\"https:\/\/a57.foxnews.com\/static.foxnews.com\/foxnews.com\/content\/uploads\/2024\/12\/343\/192\/whatsapp-image-2024-12-17-at-19.22.15-1.jpeg?ve=1&amp;tl=1, https:\/\/a57.foxnews.com\/static.foxnews.com\/foxnews.com\/content\/uploads\/2024\/12\/686\/384\/whatsapp-image-2024-12-17-at-19.22.15-1.jpeg?ve=1&amp;tl=1 2x\" height=\"192\" width=\"343\"><source media=\"(min-width: 768px) and (max-width: 1023px)\" srcset=\"https:\/\/a57.foxnews.com\/static.foxnews.com\/foxnews.com\/content\/uploads\/2024\/12\/672\/378\/whatsapp-image-2024-12-17-at-19.22.15-1.jpeg?ve=1&amp;tl=1, https:\/\/a57.foxnews.com\/static.foxnews.com\/foxnews.com\/content\/uploads\/2024\/12\/1344\/756\/whatsapp-image-2024-12-17-at-19.22.15-1.jpeg?ve=1&amp;tl=1 2x\" height=\"378\" width=\"672\"><source media=\"(min-width: 1024px) and (max-width: 1279px)\" srcset=\"https:\/\/a57.foxnews.com\/static.foxnews.com\/foxnews.com\/content\/uploads\/2024\/12\/931\/523\/whatsapp-image-2024-12-17-at-19.22.15-1.jpeg?ve=1&amp;tl=1, https:\/\/a57.foxnews.com\/static.foxnews.com\/foxnews.com\/content\/uploads\/2024\/12\/1862\/1046\/whatsapp-image-2024-12-17-at-19.22.15-1.jpeg?ve=1&amp;tl=1 2x\" height=\"523\" width=\"931\"><source media=\"(min-width: 1280px)\" srcset=\"https:\/\/a57.foxnews.com\/static.foxnews.com\/foxnews.com\/content\/uploads\/2024\/12\/720\/405\/whatsapp-image-2024-12-17-at-19.22.15-1.jpeg?ve=1&amp;tl=1, https:\/\/a57.foxnews.com\/static.foxnews.com\/foxnews.com\/content\/uploads\/2024\/12\/1440\/810\/whatsapp-image-2024-12-17-at-19.22.15-1.jpeg?ve=1&amp;tl=1 2x\" height=\"405\" width=\"720\"><img loading=\"lazy\" decoding=\"async\" src=\"https:\/\/a57.foxnews.com\/static.foxnews.com\/foxnews.com\/content\/uploads\/2024\/12\/1200\/675\/whatsapp-image-2024-12-17-at-19.22.15-1.jpeg?ve=1&amp;tl=1\" alt=\"Netanyahu su saugumo pareig\u016bnais\" width=\"1200\" height=\"675\"\/><\/source><\/source><\/source><\/source><\/picture><\/div>\n<div class=\"info\">\n<div class=\"caption\">\n<p><span>Ministras pirmininkas Benjaminas Netanyahu antradien\u012f Hermono kalne susitiko su auk\u0161to rango gynybos ir saugumo pareig\u016bnais.<\/span> <span>(IDF)<\/span><\/p>\n<\/div>\n<\/div>\n<\/div>\n<p>Halevi atsistatydinimas dar labiau padidina spaudim\u0105 Netanyahu, kurio vyriausybei, remiantis naujausiomis nuomon\u0117s apklausomis, istori\u0161kai menkas pritarimas visuomenei. <\/p>\n<p>Spekuliacijos d\u0117l Halevi \u012fp\u0117dinio jau prasid\u0117jo, o pagrindiniai kandidatai yra Eyalas Zamiras, dabartinis Gynybos ministerijos generalinis direktorius, anks\u010diau dirb\u0119s \u0161tabo vir\u0161ininko pavaduotoju vadovaujant buvusiam \u0161tabo vir\u0161ininkui Avivui Kochavi. Kiti kandidatai \u012f \u0161ias pareigas yra \u0160iaur\u0117s vadovyb\u0117s vadas generolas majoras Uri Gordinas ir dabartinis \u0161tabo vir\u0161ininko pavaduotojas Amiras Baramas, kuris, kaip prane\u0161ama, prie\u0161 kelias savaites papra\u0161\u0117 Halevi atsistatydinti.<\/p>\n<\/div>\n<p><br \/>\n<br \/><a href=\"https:\/\/www.foxnews.com\/world\/israeli-military-chief-steps-down-over-october-7-hamas-massacre-weighs-me-every-day\">Source link <\/a><\/p>\n","protected":false},"excerpt":{"rendered":"<p>Prisijunkite prie \u201eFox News\u201c, kad gal\u0117tum\u0117te pasiekti \u0161\u012f turin\u012f Be to, speciali prieiga prie pasirinkt\u0173 straipsni\u0173 ir kito auk\u0161\u010diausios kokyb\u0117s&hellip;<\/p>\n","protected":false},"author":1,"featured_media":1113,"comment_status":"","ping_status":"","sticky":false,"template":"","format":"standard","meta":{"om_disable_all_campaigns":false,"_monsterinsights_skip_tracking":false,"_monsterinsights_sitenote_active":false,"_monsterinsights_sitenote_note":"","_monsterinsights_sitenote_category":0,"footnotes":""},"categories":[168],"tags":[2870,2697,305,2868,2872,1452,2867,2866,1529,2869,2871],"class_list":["post-1112","post","type-post","status-publish","format-standard","has-post-thumbnail","hentry","category-pasaulio-naujienos","tag-atsistatydino","tag-hamas","tag-izraelio","tag-kariuomenes","tag-kasdien","tag-mane","tag-menesi","tag-spalio","tag-sveria","tag-vadas","tag-zudynes"],"aioseo_notices":[],"_links":{"self":[{"href":"https:\/\/naujienaplius.lt\/index.php\/wp-json\/wp\/v2\/posts\/1112","targetHints":{"allow":["GET"]}}],"collection":[{"href":"https:\/\/naujienaplius.lt\/index.php\/wp-json\/wp\/v2\/posts"}],"about":[{"href":"https:\/\/naujienaplius.lt\/index.php\/wp-json\/wp\/v2\/types\/post"}],"author":[{"embeddable":true,"href":"https:\/\/naujienaplius.lt\/index.php\/wp-json\/wp\/v2\/users\/1"}],"replies":[{"embeddable":true,"href":"https:\/\/naujienaplius.lt\/index.php\/wp-json\/wp\/v2\/comments?post=1112"}],"version-history":[{"count":0,"href":"https:\/\/naujienaplius.lt\/index.php\/wp-json\/wp\/v2\/posts\/1112\/revisions"}],"wp:featuredmedia":[{"embeddable":true,"href":"https:\/\/naujienaplius.lt\/index.php\/wp-json\/wp\/v2\/media\/1113"}],"wp:attachment":[{"href":"https:\/\/naujienaplius.lt\/index.php\/wp-json\/wp\/v2\/media?parent=1112"}],"wp:term":[{"taxonomy":"category","embeddable":true,"href":"https:\/\/naujienaplius.lt\/index.php\/wp-json\/wp\/v2\/categories?post=1112"},{"taxonomy":"post_tag","embeddable":true,"href":"https:\/\/naujienaplius.lt\/index.php\/wp-json\/wp\/v2\/tags?post=1112"}],"curies":[{"name":"wp","href":"https:\/\/api.w.org\/{rel}","templated":true}]}}