{"id":1124,"date":"2025-01-22T17:51:18","date_gmt":"2025-01-22T17:51:18","guid":{"rendered":"https:\/\/naujienaplius.lt\/index.php\/2025\/01\/22\/flandrijos-parlamentas-pagerbia-holokausta-neigianti-politika\/"},"modified":"2025-01-22T17:51:18","modified_gmt":"2025-01-22T17:51:18","slug":"flandrijos-parlamentas-pagerbia-holokausta-neigianti-politika","status":"publish","type":"post","link":"https:\/\/naujienaplius.lt\/index.php\/2025\/01\/22\/flandrijos-parlamentas-pagerbia-holokausta-neigianti-politika\/","title":{"rendered":"Flandrijos parlamentas pagerbia Holokaust\u0105 neigiant\u012f politik\u0105"},"content":{"rendered":"<p> <br \/>\n<\/p>\n<div id=\"mvp-content-main\">\n<p><strong><em>Flandrijos parlamentas suk\u0117l\u0117 a\u017eiota\u017e\u0105, kai pagerb\u0117 kra\u0161tutini\u0173 de\u0161ini\u0173j\u0173 politik\u0105, kuris buvo nuteistas u\u017e Holokausto neigim\u0105. Briuselyje \u012fsik\u016brusi Europos \u017eyd\u0173 asociacija pasmerk\u0117 sprendim\u0105 surengti toki\u0105 pagarb\u0105 Holokausto neig\u0117jui.<\/em><\/strong>, <strong>ra\u0161o Yossi Lempkowiczius.<\/strong><\/p>\n<p>Roelandas Raesas, priklaus\u0119s kra\u0161tutini\u0173 de\u0161ini\u0173j\u0173 politinei partijai Vlaams Belang (Flandrijos interesai), mir\u0117 pra\u0117jus\u012f lapkrit\u012f.<\/p>\n<p>2001 m. Roelandas Raesas suk\u0117l\u0117 skandal\u0105, kvestionuodamas naci\u0173 re\u017eimo vykdom\u0105 \u017eyd\u0173 naikinim\u0105, duodamas interviu Nyderland\u0173 televizijai. Tuo metu jis save apib\u016bdino kaip revizionist\u0105. Briuselio apeliacinis teismas j\u012f nuteis\u0117 u\u017e neigim\u0105 Holokaustui ir nuteis\u0117 1800 eur\u0173 \u017ealos atlyginimo bauda bei keturi\u0173 m\u0117nesi\u0173 lygtin\u0119 laisv\u0117s at\u0117mimo bausm\u0119.<\/p>\n<p>Pra\u0117jusi\u0105 savait\u0119 Flandrijos parlamentas, kuris yra Belgijos Flandrijos regiono parlamentas, per plenarin\u0119 sesij\u0105 pagerb\u0117 jo atminim\u0105 tylos minute.<\/p>\n<p>Sprendim\u0105 organizuoti toki\u0105 pagarb\u0105 Holokausto neig\u0117jui pasmerk\u0117 Briuselyje \u012fsik\u016brusi Europos \u017eyd\u0173 asociacija (EJA. Lai\u0161ke Flandrijos parlamento pirmininkei Freya van den Bossche, EJA pirmininkui rabinui Menachemui Margolinui ir Belgijos nariui). federalinis parlamentas Michaelas Freilichas ra\u0161\u0117: \u201ePagerbimas tylos minute per plenarines sesijas yra galingas simbolis, ir \u0161io simbolio nedera priskirti asmenims, nuteistiems u\u017e sunkius veiksmus, tokius kaip neigimas, \u017emog\u017eudyst\u0117 ar kiti sunk\u016bs nusikaltimai. Tai ne tik proced\u016bros, bet ir moralinio vadovavimo klausimas.<\/p>\n<p>Jie paragino pirminink\u0105 \u201e\u012fvertinti ir per\u017ei\u016br\u0117ti galiojan\u010di\u0105 tvark\u0105 ir nustatyti ai\u0161kius kriterijus, ar \u012fam\u017einti buvusi\u0173 parlamentar\u0173 atminim\u0105, ar ne\u201c, pa\u017eym\u0117dami, kad kit\u0105 savait\u0119 sausio 27 d. bus svarbus atminimo momentas, nes bus minimas Tarptautinis Holokausto atminimas. diena ir 80-osios Au\u0161vico-Birkenau i\u0161vadavimo metin\u0117s.<\/p>\n<p>\u201e\u0160i diena mums primena, kad reikia i\u0161likti budriems ir siekti teisingumo, istorinio tikrumo ir pagarbos \u017eiaurum\u0173 aukoms\u201c, \u2013 ra\u0161oma j\u0173 lai\u0161ke.<\/p>\n<p><span class=\"mvp-ad-label\">Reklama<\/span><\/p>\n<p><!-- Square Ad EuReporter --><\/p>\n<p>Jie taip pat papra\u0161\u0117 Flandrijos parlamento tylos minute pagerbti naci\u0173 re\u017eimo aukas ir 25 000 \u017eyd\u0173, deportuot\u0173 \u012f Au\u0161vic\u0105 i\u0161 Belgijos.<\/p>\n<p style=\"font-family: Oswald; text-transform: uppercase; padding-top: 7px; font-weight: 500;padding-right: 10px; margin-bottom: 5px !important;\">Pasidalinkite \u0161iuo straipsniu:<\/p>\n<p><!-- AddThis Advanced Settings above via filter on the_content --><!-- AddThis Advanced Settings below via filter on the_content --><!-- AddThis Advanced Settings generic via filter on the_content --><!-- AddThis Share Buttons above via filter on the_content --><!-- AddThis Share Buttons below via filter on the_content --><!-- AddThis Share Buttons generic via filter on the_content -->\t\t\t\t\t\t\t\t\t\t\t\t\t\t\t\t\t\t\t\t\t\t\t\t\t\t\t<\/div>\n<p><script>\n  !function(f,b,e,v,n,t,s)\n  {if(f.fbq)return;n=f.fbq=function(){n.callMethod?\n  n.callMethod.apply(n,arguments):n.queue.push(arguments)};\n  if(!f._fbq)f._fbq=n;n.push=n;n.loaded=!0;n.version='2.0';\n  n.queue=();t=b.createElement(e);t.async=!0;\n  t.src=v;s=b.getElementsByTagName(e)(0);\n  s.parentNode.insertBefore(t,s)}(window, document,'script',\n  'https:\/\/connect.facebook.net\/en_US\/fbevents.js');\n  fbq('init', '983499669057919');\n  fbq('track', 'PageView');\n<\/script><br \/>\n<br \/><br \/>\n<br \/><a href=\"https:\/\/www.eureporter.co\/world\/israel\/holocaust\/2025\/01\/22\/flemish-parliament-pays-tribute-to-holocaust-denier-politician\/\">Source link <\/a><\/p>\n","protected":false},"excerpt":{"rendered":"<p>Flandrijos parlamentas suk\u0117l\u0117 a\u017eiota\u017e\u0105, kai pagerb\u0117 kra\u0161tutini\u0173 de\u0161ini\u0173j\u0173 politik\u0105, kuris buvo nuteistas u\u017e Holokausto neigim\u0105. Briuselyje \u012fsik\u016brusi Europos \u017eyd\u0173 asociacija&hellip;<\/p>\n","protected":false},"author":1,"featured_media":1125,"comment_status":"","ping_status":"","sticky":false,"template":"","format":"standard","meta":{"om_disable_all_campaigns":false,"_monsterinsights_skip_tracking":false,"_monsterinsights_sitenote_active":false,"_monsterinsights_sitenote_note":"","_monsterinsights_sitenote_category":0,"footnotes":""},"categories":[208],"tags":[2889,2891,2892,2890,1146,1217],"class_list":["post-1124","post","type-post","status-publish","format-standard","has-post-thumbnail","hentry","category-zinios-is-europos","tag-flandrijos","tag-holokausta","tag-neigianti","tag-pagerbia","tag-parlamentas","tag-politika"],"aioseo_notices":[],"_links":{"self":[{"href":"https:\/\/naujienaplius.lt\/index.php\/wp-json\/wp\/v2\/posts\/1124","targetHints":{"allow":["GET"]}}],"collection":[{"href":"https:\/\/naujienaplius.lt\/index.php\/wp-json\/wp\/v2\/posts"}],"about":[{"href":"https:\/\/naujienaplius.lt\/index.php\/wp-json\/wp\/v2\/types\/post"}],"author":[{"embeddable":true,"href":"https:\/\/naujienaplius.lt\/index.php\/wp-json\/wp\/v2\/users\/1"}],"replies":[{"embeddable":true,"href":"https:\/\/naujienaplius.lt\/index.php\/wp-json\/wp\/v2\/comments?post=1124"}],"version-history":[{"count":0,"href":"https:\/\/naujienaplius.lt\/index.php\/wp-json\/wp\/v2\/posts\/1124\/revisions"}],"wp:featuredmedia":[{"embeddable":true,"href":"https:\/\/naujienaplius.lt\/index.php\/wp-json\/wp\/v2\/media\/1125"}],"wp:attachment":[{"href":"https:\/\/naujienaplius.lt\/index.php\/wp-json\/wp\/v2\/media?parent=1124"}],"wp:term":[{"taxonomy":"category","embeddable":true,"href":"https:\/\/naujienaplius.lt\/index.php\/wp-json\/wp\/v2\/categories?post=1124"},{"taxonomy":"post_tag","embeddable":true,"href":"https:\/\/naujienaplius.lt\/index.php\/wp-json\/wp\/v2\/tags?post=1124"}],"curies":[{"name":"wp","href":"https:\/\/api.w.org\/{rel}","templated":true}]}}