{"id":1181,"date":"2025-01-26T18:35:27","date_gmt":"2025-01-26T18:35:27","guid":{"rendered":"https:\/\/naujienaplius.lt\/index.php\/2025\/01\/26\/ausvicas-issivadavimas-palikimas-ir-pamokos-zmonijai\/"},"modified":"2025-01-26T18:35:27","modified_gmt":"2025-01-26T18:35:27","slug":"ausvicas-issivadavimas-palikimas-ir-pamokos-zmonijai","status":"publish","type":"post","link":"https:\/\/naujienaplius.lt\/index.php\/2025\/01\/26\/ausvicas-issivadavimas-palikimas-ir-pamokos-zmonijai\/","title":{"rendered":"Au\u0161vicas: i\u0161sivadavimas, palikimas ir pamokos \u017emonijai"},"content":{"rendered":"<p> <br \/>\n<\/p>\n<div id=\"mvp-content-main\">\n<p><strong><em>\u0160iemet sukanka 80 met\u0173 nuo monumentalaus \u017emonijos istorijos \u012fvykio \u2013 soviet\u0173 kariuomen\u0117s i\u0161laisvinto Au\u0161vico. Au\u0161vicas yra did\u017eiausia masini\u0173 \u017eudyni\u0173 vieta istorijoje: i\u0161 1,3 milijono ten i\u0161si\u0173st\u0173 \u017emoni\u0173 buvo nu\u017eudyta daugiau nei milijonas, \u012fskaitant 960 000 \u017eyd\u0173, tarp j\u0173 200 000 vaik\u0173, 74 000 ne\u017eyd\u0173 lenk\u0173, 21 000 rom\u0173 ir 15 000 soviet\u0173 kalini\u0173. karas. Dauguma buvo nu\u017eudyti dujomis, o kiti buvo nu\u017eudyti badu, i\u0161sekimu, ligomis, egzekucijomis, sumu\u0161imais ir siaubingais medicininiais eksperimentais. Au\u0161vicas tapo tamsiu simboliu \u2013 viso naci\u0173 masini\u0173 \u017eudyni\u0173 ir represij\u0173 aparato sinekdoche,<\/em><\/strong> <strong>ra\u0161o Scottas Saundersas, \u201eMarch of the Living UK\u201c generalinis direktorius.<\/strong><\/p>\n<p>Ta\u010diau Holokaustas neapsiribojo Au\u0161vicu. Naci\u0173 genocido mechanizmai i\u0161plito visoje Europoje, pasiekdami getus, mi\u0161kus ir stovyklas visame \u017eemyne. Likus m\u0117nesiams iki Au\u0161vico i\u0161laisvinimo, soviet\u0173 armija 1944 m. vasar\u0105 pasiek\u0117 Majdanek\u0105, o paskui \u017eeng\u0117 \u012f priek\u012f, kad i\u0161laisvint\u0173 papildomas stovyklas Baltijos \u0161alyse, Lenkijoje ir Vokietijoje. Tuo tarpu JAV paj\u0117gos i\u0161laisvino tokias stovyklas kaip Buchenwald, Dachau ir Mauthausen, o brit\u0173 paj\u0117gos i\u0161laisvino Neuengamme ir Bergen-Belsen.<\/p>\n<p>[1945mbaland\u017eio15dbrit\u0173kariuomen\u0117i\u0161laisvinoBergen\u0105-Belsen\u0105Atvyk\u0119rastidaugiaunei13000nepalaidot\u0173k\u016bn\u0173ir60000kalini\u0173ken\u010dian\u010di\u0173nuobadoirlig\u0173brit\u0173kariaisusid\u016br\u0117sune\u012fsivaizduojamaissiaubaisBrigadosvadasGlynasHughesasvadovav\u0119smedicinosreagavimuiBergeno-Belsenomiesteprisimin\u0117kadsituacijakuri\u0105jieradobuvo\u201egyvasko\u0161maras\u201cBrit\u0173i\u0161vaduotoj\u0173pastangossugr\u0105\u017eintii\u0161gyvenusi\u0173j\u0173orum\u0105irsveikat\u0105buvodidvyri\u0161kosodaugelisi\u0161gyvenusi\u0173j\u0173savoi\u0161likim\u0105ai\u0161kinod\u0117lgreit\u0173humanitarini\u0173\u0161i\u0173kari\u0173veiksm\u0173<\/p>\n<p>Kiekvienoje stovykloje s\u0105junginink\u0173 kariai susid\u016br\u0117 su neapsakomais \u017eiaurumais, o j\u0173 liudijimai liudija apie gilias \u017emoni\u0173 kan\u010dias. Rickas Carrieris, vienas i\u0161 Buchenvaldo i\u0161vaduotoj\u0173, dalyvav\u0119s Gyv\u0173j\u0173 \u017eygyje 2012 m., kalb\u0117jo: \u201eKaip ir daugelis kareivi\u0173 ir i\u0161gyvenusi\u0173j\u0173, savo atminim\u0105 palaidojau Buchenvalde 66 metus. Buvimas i\u0161laisvintoju ir dalyvavimas \u201eGyv\u0173j\u0173 \u017eygyje\u201c suteik\u0117 man galimyb\u0119 atsigr\u0119\u017eti atgal ir suprasti, kaip svarbu man ir jums papasakoti savo istorij\u0105.<\/p>\n<p>Kitas Buchenvaldo i\u0161vaduotojas Davidas Hubbardas, netrukus po to, kai pamat\u0117 stovyklas, para\u0161\u0117 savo t\u0117vams: \u201eBuvau ten vakar ir vis dar negaliu i\u0161 proto i\u0161mesti t\u0173 varg\u0161\u0173 siel\u0173\u2026 kai kuriuos blogus dalykus vis dar prisimena kvapus ir s\u0105lygas, kuriomis buvo kai kurie i\u0161gyvenusieji.<\/p>\n<p>\u0160ie liudijimai atkartoja prezidento Eisenhowerio, tuomet dirbusio generolo Eisenhowerio, vyriausiojo S\u0105junginink\u0173 ekspedicini\u0173 paj\u0117g\u0173 Europoje vado pareigas, jausmus, kuris reikalavo u\u017efiksuoti stovykl\u0173 siaub\u0105, kad ateities kartos niekada nepamir\u0161t\u0173: \u201eNiekada nemaniau, kad galiu apib\u016bdinti. mano emocin\u0117 reakcija, kai pirm\u0105 kart\u0105 susid\u016briau su negin\u010dijamais naci\u0173 \u017eiaurumo \u012frodymais ir negailestinga kiekvieno gabal\u0117lio nepaisymu. padorumas\u201c.<\/p>\n<p>Kaip ir Holokaust\u0105 i\u0161gyven\u0119 \u017emon\u0117s, i\u0161vaduotojai sensta, tod\u0117l negalime j\u0173 buvimo ar prisiminim\u0173 laikyti savaime suprantamu dalyku. J\u0173 liudijim\u0173 i\u0161saugojimas yra gyvybi\u0161kai svarbus siekiant u\u017etikrinti, kad Holokausto tiesos likt\u0173 nepaneigiama istorijos dalimi. 2025 m. Gyv\u0173j\u0173 mar\u0161as bus minimas 80-\u0105sias Antrojo pasaulinio karo pabaigos ir \u0161i\u0173 stovykl\u0173 i\u0161vadavimo metines, skiriant \u0161i\u0105 istorin\u0119 prog\u0105 s\u0105junginink\u0173 i\u0161vaduotojams, kurie rizikavo viskuo, kad nugal\u0117t\u0173 tironij\u0105.<\/p>\n<p><span class=\"mvp-ad-label\">Reklama<\/span><\/p>\n<p><!-- Square Ad EuReporter --><\/p>\n<p>\u017dygis atkreips d\u0117mes\u012f \u012f \u0161i\u0173 kari\u0173 pasiaukojim\u0105 ir didvyri\u0161kum\u0105, kartu pagerbdamas auk\u0173 atminim\u0105 ir i\u0161gyvenusi\u0173 Holokaust\u0105 atsparum\u0105. I\u0161vaduotojai ir Antrojo pasaulinio karo veteranai stov\u0117s kartu su Holokaust\u0105 i\u0161gyvenusiais asmenimis Au\u0161vice \u2013 tai a\u0161trus priminimas apie ry\u0161\u012f tarp t\u0173, kurie i\u0161laisvino stovyklas, ir t\u0173, kuriuos jie i\u0161gelb\u0117jo. Jis pabr\u0117\u0161 kari\u0173, toki\u0173 kaip Rickas Carrieris ir Davidas Hubbardas, pasiaukojim\u0105, i\u0161gyvenusi\u0173j\u0173 atsparum\u0105 ir nuolatin\u012f poreik\u012f kovoti su neapykanta ir vis\u0173 form\u0173 netolerancija.<\/p>\n<p>[1945metaiss\u0105jungininkaitriumfavoprie\u0161nacizmotams\u01052025mpasaulisturiprisimintii\u0161vaduotoj\u0173aukaspagerbtij\u0173palikim\u0105irv\u0117l\u012fsipareigotiistorijospamokomsGyv\u0173j\u0173\u017eygisn\u0117ratikmin\u0117jimas\u2013tairaginimasveikti\u0160iuometukaiatgyjaekstremizmasirantisemitizmasturimepalaikytilaisv\u0117sirtolerancijosvertybeskuriass\u0105jungininkaitaipsunkiaikovojokadapgint\u0173<\/p>\n<p>__________________<\/p>\n<p><strong>Scottas Saundersas yra \u201eMarch of the Living UK\u201c \u2013 edukacin\u0117s organizacijos, kuri atve\u017ea dalyvius \u012f Lenkij\u0105 ir Izrael\u012f su\u017einoti apie holokaust\u0105 ir jo pamokas \u2013 generalinis direktorius. Jam vadovaujant, organizacija siekia i\u0161saugoti Holokausto atminim\u0105 ir kovoti su antisemitizmu JK pasitelkdama veiksmingas \u0161vietimo ir atminimo iniciatyvas.<\/strong><\/p>\n<p style=\"font-family: Oswald; text-transform: uppercase; padding-top: 7px; font-weight: 500;padding-right: 10px; margin-bottom: 5px !important;\">Pasidalinkite \u0161iuo straipsniu:<\/p>\n<p><!-- AddThis Advanced Settings above via filter on the_content --><!-- AddThis Advanced Settings below via filter on the_content --><!-- AddThis Advanced Settings generic via filter on the_content --><!-- AddThis Share Buttons above via filter on the_content --><!-- AddThis Share Buttons below via filter on the_content --><!-- AddThis Share Buttons generic via filter on the_content -->\t\t\t\t\t\t\t\t\t\t\t\t\t\t\t\t\t\t\t\t\t\t\t\t\t\t\t<\/div>\n<p><script>\n  !function(f,b,e,v,n,t,s)\n  {if(f.fbq)return;n=f.fbq=function(){n.callMethod?\n  n.callMethod.apply(n,arguments):n.queue.push(arguments)};\n  if(!f._fbq)f._fbq=n;n.push=n;n.loaded=!0;n.version='2.0';\n  n.queue=();t=b.createElement(e);t.async=!0;\n  t.src=v;s=b.getElementsByTagName(e)(0);\n  s.parentNode.insertBefore(t,s)}(window, document,'script',\n  'https:\/\/connect.facebook.net\/en_US\/fbevents.js');\n  fbq('init', '983499669057919');\n  fbq('track', 'PageView');\n<\/script><br \/>\n<br \/><br \/>\n<br \/><a href=\"https:\/\/www.eureporter.co\/world\/human-rights-category\/human-rights\/2025\/01\/26\/auschwitz-liberation-legacy-and-lessons-for-humanity\/\">Source link <\/a><\/p>\n","protected":false},"excerpt":{"rendered":"<p>\u0160iemet sukanka 80 met\u0173 nuo monumentalaus \u017emonijos istorijos \u012fvykio \u2013 soviet\u0173 kariuomen\u0117s i\u0161laisvinto Au\u0161vico. Au\u0161vicas yra did\u017eiausia masini\u0173 \u017eudyni\u0173 vieta&hellip;<\/p>\n","protected":false},"author":1,"featured_media":1182,"comment_status":"","ping_status":"","sticky":false,"template":"","format":"standard","meta":{"om_disable_all_campaigns":false,"_monsterinsights_skip_tracking":false,"_monsterinsights_sitenote_active":false,"_monsterinsights_sitenote_note":"","_monsterinsights_sitenote_category":0,"footnotes":""},"categories":[208],"tags":[3021,3022,3023,3024,3025],"class_list":["post-1181","post","type-post","status-publish","format-standard","has-post-thumbnail","hentry","category-zinios-is-europos","tag-ausvicas","tag-issivadavimas","tag-palikimas","tag-pamokos","tag-zmonijai"],"aioseo_notices":[],"_links":{"self":[{"href":"https:\/\/naujienaplius.lt\/index.php\/wp-json\/wp\/v2\/posts\/1181","targetHints":{"allow":["GET"]}}],"collection":[{"href":"https:\/\/naujienaplius.lt\/index.php\/wp-json\/wp\/v2\/posts"}],"about":[{"href":"https:\/\/naujienaplius.lt\/index.php\/wp-json\/wp\/v2\/types\/post"}],"author":[{"embeddable":true,"href":"https:\/\/naujienaplius.lt\/index.php\/wp-json\/wp\/v2\/users\/1"}],"replies":[{"embeddable":true,"href":"https:\/\/naujienaplius.lt\/index.php\/wp-json\/wp\/v2\/comments?post=1181"}],"version-history":[{"count":0,"href":"https:\/\/naujienaplius.lt\/index.php\/wp-json\/wp\/v2\/posts\/1181\/revisions"}],"wp:featuredmedia":[{"embeddable":true,"href":"https:\/\/naujienaplius.lt\/index.php\/wp-json\/wp\/v2\/media\/1182"}],"wp:attachment":[{"href":"https:\/\/naujienaplius.lt\/index.php\/wp-json\/wp\/v2\/media?parent=1181"}],"wp:term":[{"taxonomy":"category","embeddable":true,"href":"https:\/\/naujienaplius.lt\/index.php\/wp-json\/wp\/v2\/categories?post=1181"},{"taxonomy":"post_tag","embeddable":true,"href":"https:\/\/naujienaplius.lt\/index.php\/wp-json\/wp\/v2\/tags?post=1181"}],"curies":[{"name":"wp","href":"https:\/\/api.w.org\/{rel}","templated":true}]}}