{"id":1366,"date":"2025-02-08T19:03:01","date_gmt":"2025-02-08T19:03:01","guid":{"rendered":"https:\/\/naujienaplius.lt\/index.php\/2025\/02\/08\/defaked-holocaust-freska-randa-naujus-namus-romos-shoah-muziejuje\/"},"modified":"2025-02-08T19:03:01","modified_gmt":"2025-02-08T19:03:01","slug":"defaked-holocaust-freska-randa-naujus-namus-romos-shoah-muziejuje","status":"publish","type":"post","link":"https:\/\/naujienaplius.lt\/index.php\/2025\/02\/08\/defaked-holocaust-freska-randa-naujus-namus-romos-shoah-muziejuje\/","title":{"rendered":"\u201eDefaked Holocaust\u201c freska randa naujus namus Romos Shoah muziejuje"},"content":{"rendered":"<p> <br \/>\n<\/p>\n<div>\n<p class=\"speakable\">\u201eShoah\u201c muziejus Romoje \u012fsigijo rezervuoto \u0161iuolaikinio pop menininko Alexsandro Palombo k\u016brin\u012f po to, kai jis buvo sugadintas akivaizdaus antisemitizmo veiksmo.<\/p>\n<p class=\"speakable\">Freska, vaizduojanti Liliana Segre ir Sami Modiano, paskutinius du Italijos i\u0161gyvenusius Au\u0161vic\u0105 i\u0161 Italijos, kelis kartus buvo nugrimzd\u0119 ir net i\u0161tryn\u0117 vandal\u0173.<\/p>\n<p>\u201eSegre\u201c ir \u201eModiano\u201c yra rodomi dry\u017euotomis drabu\u017eiais po \u017ealiomis neper\u0161aunamomis liemen\u0117mis su geltonomis Dovydo \u017evaig\u017ed\u0117mis, o jose netgi vaizduojami serijiniai numeriai, kuriuos ant j\u0173 tatuiruota tatuiruota naci\u0173. Smurtautojai vandalizavo Segre ir Modiano veidus, taip pat \u017evaig\u017edes ant j\u0173 skryni\u0173, ta\u010diau numeriai paliko ant rank\u0173 nepaliestus.<\/p>\n<p>\u201eJie at\u0117m\u0117 mano veid\u0105, mano tapatyb\u0119, i\u0161tryn\u0117 gelton\u0105 \u017evaig\u017ed\u0119, ta\u010diau paliko numer\u012f, kuris buvo tatuiruotas ant mano rankos\u201c, &#8211; sak\u0117 Segre.<\/p>\n<div class=\"image-ct inline\">\n<div class=\"m\"><picture><source media=\"(max-width: 767px)\" srcset=\"https:\/\/a57.foxnews.com\/static.foxnews.com\/foxnews.com\/content\/uploads\/2025\/02\/343\/192\/polambo-segre-modiano-before.jpg?ve=1&amp;tl=1, https:\/\/a57.foxnews.com\/static.foxnews.com\/foxnews.com\/content\/uploads\/2025\/02\/686\/384\/polambo-segre-modiano-before.jpg?ve=1&amp;tl=1 2x\" height=\"192\" width=\"343\"><source media=\"(min-width: 768px) and (max-width: 1023px)\" srcset=\"https:\/\/a57.foxnews.com\/static.foxnews.com\/foxnews.com\/content\/uploads\/2025\/02\/672\/378\/polambo-segre-modiano-before.jpg?ve=1&amp;tl=1, https:\/\/a57.foxnews.com\/static.foxnews.com\/foxnews.com\/content\/uploads\/2025\/02\/1344\/756\/polambo-segre-modiano-before.jpg?ve=1&amp;tl=1 2x\" height=\"378\" width=\"672\"><source media=\"(min-width: 1024px) and (max-width: 1279px)\" srcset=\"https:\/\/a57.foxnews.com\/static.foxnews.com\/foxnews.com\/content\/uploads\/2025\/02\/931\/523\/polambo-segre-modiano-before.jpg?ve=1&amp;tl=1, https:\/\/a57.foxnews.com\/static.foxnews.com\/foxnews.com\/content\/uploads\/2025\/02\/1862\/1046\/polambo-segre-modiano-before.jpg?ve=1&amp;tl=1 2x\" height=\"523\" width=\"931\"><source media=\"(min-width: 1280px)\" srcset=\"https:\/\/a57.foxnews.com\/static.foxnews.com\/foxnews.com\/content\/uploads\/2025\/02\/720\/405\/polambo-segre-modiano-before.jpg?ve=1&amp;tl=1, https:\/\/a57.foxnews.com\/static.foxnews.com\/foxnews.com\/content\/uploads\/2025\/02\/1440\/810\/polambo-segre-modiano-before.jpg?ve=1&amp;tl=1 2x\" height=\"405\" width=\"720\"><\/source><\/source><\/source><\/source><\/picture><\/div>\n<div class=\"info\">\n<div class=\"caption\">\n<p><span>Alexsandro Palombo freska, vaizduojanti Holokaust\u0105 i\u0161gyvenusius Liliana Segre ir Sami Modiano, prie\u0161 tai buvo vandalizuotas<\/span> <span>(Alexsandro Palombo)<\/span><\/p>\n<\/div>\n<\/div>\n<\/div>\n<div class=\"image-ct inline\">\n<div class=\"m\"><picture><source media=\"(max-width: 767px)\" srcset=\"https:\/\/a57.foxnews.com\/static.foxnews.com\/foxnews.com\/content\/uploads\/2025\/02\/343\/192\/polambo-segre-modiano-after.jpg?ve=1&amp;tl=1, https:\/\/a57.foxnews.com\/static.foxnews.com\/foxnews.com\/content\/uploads\/2025\/02\/686\/384\/polambo-segre-modiano-after.jpg?ve=1&amp;tl=1 2x\" height=\"192\" width=\"343\"><source media=\"(min-width: 768px) and (max-width: 1023px)\" srcset=\"https:\/\/a57.foxnews.com\/static.foxnews.com\/foxnews.com\/content\/uploads\/2025\/02\/672\/378\/polambo-segre-modiano-after.jpg?ve=1&amp;tl=1, https:\/\/a57.foxnews.com\/static.foxnews.com\/foxnews.com\/content\/uploads\/2025\/02\/1344\/756\/polambo-segre-modiano-after.jpg?ve=1&amp;tl=1 2x\" height=\"378\" width=\"672\"><source media=\"(min-width: 1024px) and (max-width: 1279px)\" srcset=\"https:\/\/a57.foxnews.com\/static.foxnews.com\/foxnews.com\/content\/uploads\/2025\/02\/931\/523\/polambo-segre-modiano-after.jpg?ve=1&amp;tl=1, https:\/\/a57.foxnews.com\/static.foxnews.com\/foxnews.com\/content\/uploads\/2025\/02\/1862\/1046\/polambo-segre-modiano-after.jpg?ve=1&amp;tl=1 2x\" height=\"523\" width=\"931\"><source media=\"(min-width: 1280px)\" srcset=\"https:\/\/a57.foxnews.com\/static.foxnews.com\/foxnews.com\/content\/uploads\/2025\/02\/720\/405\/polambo-segre-modiano-after.jpg?ve=1&amp;tl=1, https:\/\/a57.foxnews.com\/static.foxnews.com\/foxnews.com\/content\/uploads\/2025\/02\/1440\/810\/polambo-segre-modiano-after.jpg?ve=1&amp;tl=1 2x\" height=\"405\" width=\"720\"><img loading=\"lazy\" decoding=\"async\" src=\"https:\/\/a57.foxnews.com\/static.foxnews.com\/foxnews.com\/content\/uploads\/2025\/02\/1200\/675\/polambo-segre-modiano-after.jpg?ve=1&amp;tl=1\" alt=\"Alexsandro Palombo freska, vaizduojanti Italijos Au\u0161vico i\u0161gyvenusius Liliana Segre ir Sami Modiano, po to, kai jis buvo vandalizuotas\" width=\"1200\" height=\"675\"\/><\/source><\/source><\/source><\/source><\/picture><\/div>\n<div class=\"info\">\n<div class=\"caption\">\n<p><span>Alexsandro Palombo freska, vaizduojanti Holokaust\u0105 i\u0161gyvenusius Liliana Segre ir Sami Modiano, po to, kai jis buvo vandalizuotas<\/span> <span>(Alexsandro Palombo)<\/span><\/p>\n<\/div>\n<\/div>\n<\/div>\n<p><strong>Anti-Izraelio agitatoriai vandalizuoja \u017eyd\u0173 \u017einiasklaidos super agento namus<\/strong><\/p>\n<p>\u201ePalombo\u201c galiausiai atk\u016br\u0117 k\u016brin\u012f, ir dabar jis yra nuolatin\u0117s muziejaus kolekcijos dalis.<\/p>\n<p>\u201eMenas yra auk\u0161\u010diausia laisv\u0117s i\u0161rai\u0161ka ir pakartotinai puolanti k\u016brin\u012f, kuriame pavaizduoti du Au\u0161vico i\u0161gyven\u0119 \u017emon\u0117s, pabr\u0117\u017eia, kaip patiria pavoj\u0173 pa\u010diam demokratijos ir vis\u0173 m\u016bs\u0173 laisvi\u0173 vertei\u201c, &#8211; sakoma Palombo prane\u0161ime. \u201eRomos ir Italijos \u017eyd\u0173 bendruomen\u0117s SHOAH muziejaus dr\u0105sos ir pasiprie\u0161inimo gestas yra puiki ir brangi m\u016bs\u0173 civilizacijos pamoka mums visiems, kurie reagavo \u012f antisemitin\u012f smurt\u0105 ir neapykant\u0105 \u0161ioms naujoms socialinio ir kult\u016brinio terorizmo formoms su a Galingas risorgimento veiksmas \u201c.<\/p>\n<p>Palombo padar\u0117 kelet\u0105 k\u016brini\u0173, pagerbian\u010di\u0173 holokaust\u0105, o kiti jo darbai nepagail\u0117jo nuo vandalizmo.<\/p>\n<p>Taip pat buvo sugadintas k\u016brinys pavadinimu \u201eArbeit Macht Frei\u201c, kuriame pavaizduotas vengr\u0173 ra\u0161ytojas ir i\u0161gyven\u0119s Holokaustas Edithas Bruckas, apvyniotas Izraelio v\u0117liavoje, o did\u017eioji dalis v\u0117liavos buvo i\u0161trinta. \u0160ios freskos pavadinimas yra ta pati fraz\u0117, kuri\u0105 naciai u\u017ed\u0117jo ant Au\u0161vico vart\u0173, ir tai rei\u0161kia, kad \u201edarbas tave i\u0161laisvina\u201c.<\/p>\n<p>Bruckas Italijos laikra\u0161\u010diui \u201eLa Stampa\u201c sak\u0117, kad ji buvo nuli\u016bdusi, bet nenustebinta d\u0117l vandalizmo, sakydama, kad \u201eantisemitizmas yra cunamis\u201c.<\/p>\n<p>Brucko fresk\u0105 taip pat \u012fsigijo \u201eShoah\u201c muziejus Romoje.<\/p>\n<div class=\"image-ct inline\">\n<div class=\"m\"><picture><source media=\"(max-width: 767px)\" srcset=\"https:\/\/a57.foxnews.com\/static.foxnews.com\/foxnews.com\/content\/uploads\/2025\/02\/343\/192\/palombo-before-and-after-murals-2.jpg?ve=1&amp;tl=1, https:\/\/a57.foxnews.com\/static.foxnews.com\/foxnews.com\/content\/uploads\/2025\/02\/686\/384\/palombo-before-and-after-murals-2.jpg?ve=1&amp;tl=1 2x\" height=\"192\" width=\"343\"><source media=\"(min-width: 768px) and (max-width: 1023px)\" srcset=\"https:\/\/a57.foxnews.com\/static.foxnews.com\/foxnews.com\/content\/uploads\/2025\/02\/672\/378\/palombo-before-and-after-murals-2.jpg?ve=1&amp;tl=1, https:\/\/a57.foxnews.com\/static.foxnews.com\/foxnews.com\/content\/uploads\/2025\/02\/1344\/756\/palombo-before-and-after-murals-2.jpg?ve=1&amp;tl=1 2x\" height=\"378\" width=\"672\"><source media=\"(min-width: 1024px) and (max-width: 1279px)\" srcset=\"https:\/\/a57.foxnews.com\/static.foxnews.com\/foxnews.com\/content\/uploads\/2025\/02\/931\/523\/palombo-before-and-after-murals-2.jpg?ve=1&amp;tl=1, https:\/\/a57.foxnews.com\/static.foxnews.com\/foxnews.com\/content\/uploads\/2025\/02\/1862\/1046\/palombo-before-and-after-murals-2.jpg?ve=1&amp;tl=1 2x\" height=\"523\" width=\"931\"><source media=\"(min-width: 1280px)\" srcset=\"https:\/\/a57.foxnews.com\/static.foxnews.com\/foxnews.com\/content\/uploads\/2025\/02\/720\/405\/palombo-before-and-after-murals-2.jpg?ve=1&amp;tl=1, https:\/\/a57.foxnews.com\/static.foxnews.com\/foxnews.com\/content\/uploads\/2025\/02\/1440\/810\/palombo-before-and-after-murals-2.jpg?ve=1&amp;tl=1 2x\" height=\"405\" width=\"720\"><img loading=\"lazy\" decoding=\"async\" src=\"https:\/\/a57.foxnews.com\/static.foxnews.com\/foxnews.com\/content\/uploads\/2025\/02\/1200\/675\/palombo-before-and-after-murals-2.jpg?ve=1&amp;tl=1\" alt=\"Freska, rodanti holokaust\u0105 i\u0161gyvenus\u012f prie\u0161 ir po jo buvo vandalizuotas\" width=\"1200\" height=\"675\"\/><\/source><\/source><\/source><\/source><\/picture><\/div>\n<div class=\"info\">\n<div class=\"caption\">\n<p><span>Alexsandro Palombo Vengrijos ra\u0161ytojo ir Holokausto i\u0161gyvenimo Edith Bruck freska prie\u0161 ir po to j\u012f sugadino vandalai<\/span> <span>(Alexsandro Palombo)<\/span><\/p>\n<\/div>\n<\/div>\n<\/div>\n<p><strong><u>\u201eSurrogatai\u201c \u201eHamas: University Regent Slams\u201c pasibais\u0117tini \u201cI\u0161 etnini\u0173 studij\u0173 fakulteto lai\u0161kas<\/u><\/strong><\/p>\n<p>Kitas i\u0161 vandalizuot\u0173 \u201ePalombo\u201c k\u016brini\u0173 pavadinimu \u201eHalt! Ston!\u201c, Kuriame buvo pavaizduotas Segre, Modiano ir Burkas kartu su popie\u017eiumi Pranci\u0161kumi, kuris yra apr\u016bpintas kry\u017eiumi ir \u017eenklu, kuriame ra\u0161oma \u201eAntisemitizmas yra visur\u201c. Keturios vaizduojamos kaip Simpsono persona\u017eai, bendras \u201ePalombo\u201c motyvas. Nors popie\u017eiaus \u012fvaizdis nebuvo sugadintas, vandalai sugadino Dovydo \u017evaig\u017edes trijose Holokausto i\u0161gyvenusiems \u017emon\u0117ms.<\/p>\n<div class=\"image-ct inline\">\n<div class=\"m\"><picture><source media=\"(max-width: 767px)\" srcset=\"https:\/\/a57.foxnews.com\/static.foxnews.com\/foxnews.com\/content\/uploads\/2025\/02\/343\/192\/palombo-before-and-after-murals-1.jpg?ve=1&amp;tl=1, https:\/\/a57.foxnews.com\/static.foxnews.com\/foxnews.com\/content\/uploads\/2025\/02\/686\/384\/palombo-before-and-after-murals-1.jpg?ve=1&amp;tl=1 2x\" height=\"192\" width=\"343\"><source media=\"(min-width: 768px) and (max-width: 1023px)\" srcset=\"https:\/\/a57.foxnews.com\/static.foxnews.com\/foxnews.com\/content\/uploads\/2025\/02\/672\/378\/palombo-before-and-after-murals-1.jpg?ve=1&amp;tl=1, https:\/\/a57.foxnews.com\/static.foxnews.com\/foxnews.com\/content\/uploads\/2025\/02\/1344\/756\/palombo-before-and-after-murals-1.jpg?ve=1&amp;tl=1 2x\" height=\"378\" width=\"672\"><source media=\"(min-width: 1024px) and (max-width: 1279px)\" srcset=\"https:\/\/a57.foxnews.com\/static.foxnews.com\/foxnews.com\/content\/uploads\/2025\/02\/931\/523\/palombo-before-and-after-murals-1.jpg?ve=1&amp;tl=1, https:\/\/a57.foxnews.com\/static.foxnews.com\/foxnews.com\/content\/uploads\/2025\/02\/1862\/1046\/palombo-before-and-after-murals-1.jpg?ve=1&amp;tl=1 2x\" height=\"523\" width=\"931\"><source media=\"(min-width: 1280px)\" srcset=\"https:\/\/a57.foxnews.com\/static.foxnews.com\/foxnews.com\/content\/uploads\/2025\/02\/720\/405\/palombo-before-and-after-murals-1.jpg?ve=1&amp;tl=1, https:\/\/a57.foxnews.com\/static.foxnews.com\/foxnews.com\/content\/uploads\/2025\/02\/1440\/810\/palombo-before-and-after-murals-1.jpg?ve=1&amp;tl=1 2x\" height=\"405\" width=\"720\"><img loading=\"lazy\" decoding=\"async\" src=\"https:\/\/a57.foxnews.com\/static.foxnews.com\/foxnews.com\/content\/uploads\/2025\/02\/1200\/675\/palombo-before-and-after-murals-1.jpg?ve=1&amp;tl=1\" alt=\"Alexsandro Palombo freska prie\u0161 ir po jo buvo vandalizuotas\" width=\"1200\" height=\"675\"\/><\/source><\/source><\/source><\/source><\/picture><\/div>\n<div class=\"info\">\n<div class=\"caption\">\n<p><span>Alexsandro Palombo trij\u0173 holokausto i\u0161gyvenusi\u0173j\u0173 ir popie\u017eiaus Pranci\u0161kaus freska prie\u0161 ir po jo buvo vandalizuotas.<\/span> <span>(Alexsandro Palombo)<\/span><\/p>\n<\/div>\n<\/div>\n<\/div>\n<p><strong><u>Spustel\u0117kite \u010dia, jei norite gauti \u201eFox News\u201c program\u0105<\/u><\/strong><\/p>\n<p>\u0160iuolaikinis pop menininkas ir aktyvistas Palombo savo meno k\u016brinyje naudojo popkult\u016bros nuorodas, \u012fskaitant \u012f\u017eymybes ir animacini\u0173 film\u0173 persona\u017eus i\u0161 \u201eSimpsons\u201c ir \u201eDisney\u201c. Vienas i\u0161 jo ikoni\u0161kiausi\u0173 darb\u0173 yra \u201eSimpsonai, i\u0161tremti \u012f Au\u0161vic\u0105\u201c, kuriame parodyta Marge, Homer, Maggie, Bart ir Lisa prie\u0161 ir po koncentracijos stovyklos, nurodant i\u0161skirt\u0105 Holokausto i\u0161gyvenusi\u0173j\u0173 b\u016bkl\u0119, i\u0161laisvint\u0105 i\u0161 Naci\u0173 stovykl\u0173.<\/p>\n<p> <!----> <\/p>\n<div class=\"article-meta\">\n<div class=\"author-bio\">\n<p>Rachel Wolf yra \u201eFox News Digital\u201c ir \u201eFox Business\u201c naujien\u0173 ra\u0161ytoja.<\/p>\n<\/div>\n<\/div>\n<\/div>\n<p><br \/>\n<br \/><a href=\"https:\/\/www.foxnews.com\/world\/defaced-holocaust-mural-finds-new-home-romes-shoah-museum\">Source link <\/a><\/p>\n","protected":false},"excerpt":{"rendered":"<p>\u201eShoah\u201c muziejus Romoje \u012fsigijo rezervuoto \u0161iuolaikinio pop menininko Alexsandro Palombo k\u016brin\u012f po to, kai jis buvo sugadintas akivaizdaus antisemitizmo veiksmo.&hellip;<\/p>\n","protected":false},"author":1,"featured_media":1367,"comment_status":"","ping_status":"","sticky":false,"template":"","format":"standard","meta":{"om_disable_all_campaigns":false,"_monsterinsights_skip_tracking":false,"_monsterinsights_sitenote_active":false,"_monsterinsights_sitenote_note":"","_monsterinsights_sitenote_category":0,"footnotes":""},"categories":[168],"tags":[3393,3395,3394,3398,2595,1965,2275,3396,3397],"class_list":["post-1366","post","type-post","status-publish","format-standard","has-post-thumbnail","hentry","category-pasaulio-naujienos","tag-defaked","tag-freska","tag-holocaust","tag-muziejuje","tag-namus","tag-naujus","tag-randa","tag-romos","tag-shoah"],"aioseo_notices":[],"_links":{"self":[{"href":"https:\/\/naujienaplius.lt\/index.php\/wp-json\/wp\/v2\/posts\/1366","targetHints":{"allow":["GET"]}}],"collection":[{"href":"https:\/\/naujienaplius.lt\/index.php\/wp-json\/wp\/v2\/posts"}],"about":[{"href":"https:\/\/naujienaplius.lt\/index.php\/wp-json\/wp\/v2\/types\/post"}],"author":[{"embeddable":true,"href":"https:\/\/naujienaplius.lt\/index.php\/wp-json\/wp\/v2\/users\/1"}],"replies":[{"embeddable":true,"href":"https:\/\/naujienaplius.lt\/index.php\/wp-json\/wp\/v2\/comments?post=1366"}],"version-history":[{"count":0,"href":"https:\/\/naujienaplius.lt\/index.php\/wp-json\/wp\/v2\/posts\/1366\/revisions"}],"wp:featuredmedia":[{"embeddable":true,"href":"https:\/\/naujienaplius.lt\/index.php\/wp-json\/wp\/v2\/media\/1367"}],"wp:attachment":[{"href":"https:\/\/naujienaplius.lt\/index.php\/wp-json\/wp\/v2\/media?parent=1366"}],"wp:term":[{"taxonomy":"category","embeddable":true,"href":"https:\/\/naujienaplius.lt\/index.php\/wp-json\/wp\/v2\/categories?post=1366"},{"taxonomy":"post_tag","embeddable":true,"href":"https:\/\/naujienaplius.lt\/index.php\/wp-json\/wp\/v2\/tags?post=1366"}],"curies":[{"name":"wp","href":"https:\/\/api.w.org\/{rel}","templated":true}]}}