{"id":1508,"date":"2025-02-19T19:57:03","date_gmt":"2025-02-19T19:57:03","guid":{"rendered":"https:\/\/naujienaplius.lt\/index.php\/2025\/02\/19\/wildfire-jautiena-ikaista-kai-ca-draudimo-vadovas-kaltina-dem-rep-del-baltojo-vyro\/"},"modified":"2025-02-19T19:57:03","modified_gmt":"2025-02-19T19:57:03","slug":"wildfire-jautiena-ikaista-kai-ca-draudimo-vadovas-kaltina-dem-rep-del-baltojo-vyro","status":"publish","type":"post","link":"https:\/\/naujienaplius.lt\/index.php\/2025\/02\/19\/wildfire-jautiena-ikaista-kai-ca-draudimo-vadovas-kaltina-dem-rep-del-baltojo-vyro\/","title":{"rendered":"\u201eWildfire\u201c jautiena \u012fkaista, kai CA draudimo vadovas kaltina Dem Rep d\u0117l \u201ebaltojo vyro\u201c"},"content":{"rendered":"<p> <br \/>\n<\/p>\n<div>\n<p class=\"speakable\">\u012etarimai d\u0117l jaukumo tarp Kalifornijos i\u0161rinkto valstijos draudimo komisaro ir draudimo pramon\u0117s paskatino kaltinimus tarp jo, kritik\u0173 Sakramente ir Va\u0161ingtone, ir nusivyl\u0119 kalifornie\u010diai, prarad\u0119 visk\u0105 Ramiojo vandenyno Palisade gaisruose.<\/p>\n<p class=\"speakable\">Komisijos narys Ricardo Lara kaltino Rep. John Garamendi, D-Calif., Bandant \u201ebaltajam Mansplainui\u201c atlikti draudimo komisaro vaidmen\u012f po to, kai \u201eLos Angeles Times\u201c prane\u0161\u0117 apie savo kritik\u0105 apie agent\u016br\u0105.<\/p>\n<p>\u201eGaramendi\u201c, kuris buvo pirmasis Kalifornijos draudimo komisaras po to, kai \u0161ias pareigas tapo i\u0161rinkta 1990 m. Konkursuose, teig\u0117, kad Laros numatytos reformos yra tokios, kurios \u201eai\u0161kiai &#8230; draudimo pramon\u0117 nori\u201c.<\/p>\n<p>\u201eJ\u016bs\u0173 darbas yra priversti \u012fmones atskaitingos, ir, atrodo, jis daro visi\u0161kai prie\u0161ingai, ir tai suteikia \u012fmon\u0117ms visk\u0105, ko jie nori\u201c, &#8211; sak\u0117 jis \u201eTimes\u201c.<\/p>\n<p><strong>Ilgametis Ca Dem vadovas sako \u201eAdios\u201c savo partijai, registruoja VV<\/strong><\/p>\n<p>Lara teig\u0117 atsakydama, kad neturi galios priversti \u012fmones ra\u0161yti draudimo polisus, ir kad \u201eGaramendi\u201c pasi\u016blymai \u201epadidint\u0173 problem\u0105 tuo metu, kai draudimo bendrov\u0117s i\u0161sitraukia i\u0161 Kalifornijos\u201c.<\/p>\n<p>&#8222;(Q) s\u0105\u017einingai &#8230; tai nebus pirmas ar paskutinis kartas, kai a\u0161 susim\u0105s\u010diau, kaip atlikti savo darb\u0105&#8221;, &#8211; \u201eTimes\u201c pasakojo Lara, kuri yra Meksikos imigrant\u0173 s\u016bnus.<\/p>\n<p>Lara reformos planas, tur\u0117damas \u0161e\u0161erius metus, atlikdamas dabartin\u012f vaidmen\u012f pagal dir\u017e\u0105 ir kelet\u0105 ankstesni\u0173 valstybini\u0173 \u012fstatym\u0173 leid\u0117jo, siekia pad\u0117ti kalifornie\u010diams po savait\u0117s trunkan\u010dio Los And\u017eelo apygardos, kuri sunaikino neapsakom\u0105 nam\u0173 skai\u010di\u0173.<\/p>\n<p>Draudimo bendrov\u0117s gali b\u016bti u\u017e kabliuko u\u017e ma\u017edaug 45 milijardus doleri\u0173, o \u201eState Farm\u201c, kaip prane\u0161ama, papra\u0161\u0117 \u017eygio avarinio tarifo, kur\u012f Lara atmet\u0117, pasak \u201eThe Times\u201c.<\/p>\n<p>Straipsnyje Laros planas apib\u016bdino kaip \u201emorkos ir lazdel\u0117s\u201c pastangas pasi\u016blyti nuolaid\u0173 draudikams, kurie sutinka pad\u0117ti klientams draudimo vietose, turin\u010diose stichines nelaimes.<\/p>\n<p>Laros atstovas paai\u0161kino gin\u010dus \u201eFox News Digital\u201c, sakydamas, kad draudimo komisarui visi\u0161kai normalu reguliariai susitikti su draudimo bendrov\u0117mis.<\/p>\n<p>&#8222;Kalifornijos nekilnojamojo turto departamentas (taip pat) susitinka su makleriais. Kalifornijos komunalini\u0173 paslaug\u0173 komisija susitinka su SCE ir SoCalgas. Jei jie to nepadar\u0117, jie b\u016bt\u0173 teisingai kritikuojami d\u0117l to, kad neatliko savo darbo&#8221;, &#8211; teig\u0117 atstovas.<\/p>\n<p>&#8222;Tas pats standartas galioja Draudimo departamentui.&#8221;<\/p>\n<p>Jis taip pat \u0117m\u0117si tikslo \u012f gars\u0173 kritik\u0105, nurodyt\u0105 originalioje ataskaitoje-grup\u0117je, vadinamoje vartotoj\u0173 sargybiniu, kuris teig\u0117, kad Lara ir susij\u0119 subjektai \u201eband\u0117 nusl\u0117pti\u201c 122 000 USD draudimo pramon\u0117s \u012fmok\u0173, kad paremt\u0173 jo perrinkim\u0105. <\/p>\n<p>Pasak \u201eThe Times\u201c, valstybin\u0117 komisija v\u0117liau rado \u201enepakankam\u0173 \u012frodym\u0173\u201c, patvirtinan\u010di\u0173 skund\u0105 kaip valstyb\u0117s \u012fstatym\u0173 pa\u017eeidim\u0105, ir saus\u012f u\u017edar\u0117 byl\u0105.<\/p>\n<p>\u201eLara\u201c atstovas tuos \u012ftarimus pavadino \u201enepagr\u012fstais\u201c, kai antradien\u012f pasiek\u0117 \u201eFox News Digital\u201c.<\/p>\n<p><strong>CA rink\u0117jai siaurai atmeta 18 USD minimal\u0173 atlyginim\u0105<\/strong><\/p>\n<p>Laros atstovas apib\u016bdino Garamendi kaip \u201eKongreso nar\u012f, kuris nesugeb\u0117jo veikti savo dabartin\u0117je pad\u0117tyje apsaugoti vartotojus\u201c.<\/p>\n<p>Atstovas, prid\u0117tas Lara, yra \u012fsipareigojusi laikyti draudikus, atsakingus u\u017e tarif\u0173 nustatymo proces\u0105, ir susitiko su 900 rotu\u0161i\u0173 gyventojais, apiman\u010diais kiekvien\u0105 Auksin\u0117s valstijos apskrit\u012f.<\/p>\n<p>&#8222;Kalifornie\u010diai nori sprendim\u0173, o ne bla\u0161kymo. Komisijos narys Lara kovoja su status quo, kuri de\u0161imtme\u010dius nes\u0117kmingai \u017elugo, o jo kritikai nieko nepadar\u0117 nuopeln\u0173, kad pad\u0117t\u0173 vartotojams ir padaryt\u0173 draudim\u0105 labiau prieinam\u0105 ir prieinamesn\u012f.&#8221;<\/p>\n<p><strong>Spustel\u0117kite \u010dia, jei norite gauti \u201eFox News\u201c program\u0105<\/strong><\/p>\n<div class=\"image-ct inline\">\n<div class=\"m\"><picture><source media=\"(max-width: 767px)\" srcset=\"https:\/\/a57.foxnews.com\/static.foxnews.com\/foxnews.com\/content\/uploads\/2025\/01\/343\/192\/los-angeles-wildfires-update_060-scaled.jpg?ve=1&amp;tl=1, https:\/\/a57.foxnews.com\/static.foxnews.com\/foxnews.com\/content\/uploads\/2025\/01\/686\/384\/los-angeles-wildfires-update_060-scaled.jpg?ve=1&amp;tl=1 2x\" height=\"192\" width=\"343\"><source media=\"(min-width: 768px) and (max-width: 1023px)\" srcset=\"https:\/\/a57.foxnews.com\/static.foxnews.com\/foxnews.com\/content\/uploads\/2025\/01\/672\/378\/los-angeles-wildfires-update_060-scaled.jpg?ve=1&amp;tl=1, https:\/\/a57.foxnews.com\/static.foxnews.com\/foxnews.com\/content\/uploads\/2025\/01\/1344\/756\/los-angeles-wildfires-update_060-scaled.jpg?ve=1&amp;tl=1 2x\" height=\"378\" width=\"672\"><source media=\"(min-width: 1024px) and (max-width: 1279px)\" srcset=\"https:\/\/a57.foxnews.com\/static.foxnews.com\/foxnews.com\/content\/uploads\/2025\/01\/931\/523\/los-angeles-wildfires-update_060-scaled.jpg?ve=1&amp;tl=1, https:\/\/a57.foxnews.com\/static.foxnews.com\/foxnews.com\/content\/uploads\/2025\/01\/1862\/1046\/los-angeles-wildfires-update_060-scaled.jpg?ve=1&amp;tl=1 2x\" height=\"523\" width=\"931\"><source media=\"(min-width: 1280px)\" srcset=\"https:\/\/a57.foxnews.com\/static.foxnews.com\/foxnews.com\/content\/uploads\/2025\/01\/720\/405\/los-angeles-wildfires-update_060-scaled.jpg?ve=1&amp;tl=1, https:\/\/a57.foxnews.com\/static.foxnews.com\/foxnews.com\/content\/uploads\/2025\/01\/1440\/810\/los-angeles-wildfires-update_060-scaled.jpg?ve=1&amp;tl=1 2x\" height=\"405\" width=\"720\"><\/source><\/source><\/source><\/source><\/picture><\/div>\n<div class=\"info\">\n<div class=\"caption\">\n<p><span>Sraigtasparnis numeta vanden\u012f ant palisad\u0173 gaisro Mandeville kanjone, 2025 m. Sausio 11 d., Los And\u017eele.<\/span> <span>(Etienne Laurent\/AP nuotrauka)<\/span><\/p>\n<\/div>\n<\/div>\n<\/div>\n<p>Papra\u0161ytas tolesnio atsakymo, \u201eGaramendi\u201c atstovas atkreip\u0117 d\u0117mes\u012f \u012f naujausias pastabas, kurias jis pateik\u0117 \u0161ia tema.<\/p>\n<p>&#8222;Komisijos narys tikrai turi atsispirti vartotojams, ir tai yra i\u0161\u0161\u016bkis, kur\u012f dabartinis komisaras (Lara) turi i\u0161spr\u0119sti ateinan\u010diomis dienomis.&#8221;<\/p>\n<p>\u201eDeja, per tuos m\u0117nesius ir metus jis i\u0161 esm\u0117s apvirto ir leido draudimo bendrov\u0117ms at\u0161aukti politik\u0105, kuri\u0105 jie padar\u0117 Palisades rajone, ir jis leido draudimo bendrov\u0117ms padvigubinti ir daugeliu atvej\u0173 trigubo ir keturgalvio nam\u0173 savininko draudimo normos be Normal\u016bs ir reikalaujami vie\u0161i klausymai ir i\u0161samus tyrimas \u201c, &#8211; teig\u0117 Garamendi.<\/p>\n<p>Tuo tarpu valstyb\u0117s \u012fstatym\u0173 leid\u0117joje Senato ma\u017eumos lyderis Brianas Jonesas apkaltino vyriausyb\u0117s gubernatori\u0173 Gavin\u0105 Newsom\u0105, taip pat Laros ir Sakramento demokratus u\u017e rimt\u0105 draudimo strukt\u016bros reform\u0105.<\/p>\n<p>\u201eLaukiant \u0161io ilgo, mes dabar paliksime dabartin\u0119 sistem\u0105, laukian\u010di\u0105, kol \u012fsigalios didel\u0117s reformos, ir gali sukelti visi\u0161k\u0105 draudimo rinkos nes\u0117km\u0119 per \u0161iuos katastrofi\u0161kus \u012fvykius, tokius kaip tie, kuriuos matome Los And\u017eele\u201c,-sak\u0117 Jonesas, R-SAN, R-SAN Diego.<\/p>\n<p>&#8222;Deja, jei \u017elugs s\u0105\u017einingas planas, kiekvienas Kalifornietis sumok\u0117s kain\u0105 u\u017e priemok\u0105 u\u017e j\u0173 nam\u0173 savininko politik\u0105, kad padengt\u0173 valstyb\u0117s nes\u0117kmes veikti.&#8221;<\/p>\n<p>\u201eFox News Digital\u201c taip pat susisiek\u0117 su \u201eNewsom\u201c komentuoti, ta\u010diau \u201ePress Time\u201c negavo atsakymo. <\/p>\n<p> <!----> <\/p>\n<div class=\"article-meta\">\n<div class=\"author-bio\">\n<p>Charlesas Creitzas yra \u201eFox News Digital\u201c reporteris. <\/p>\n<p>Jis prisijung\u0117 prie \u201eFox News\u201c 2013 m. Kaip ra\u0161ytojas ir gamybos asistentas. <\/p>\n<p>Charlesas apima \u017einiasklaid\u0105, politik\u0105 ir \u201eFox News Digital\u201c \u017einiasklaid\u0105.<\/p>\n<p>Charlesas yra Pensilvanijos gimtoji ir baig\u0117 Temple University su transliacijos \u017eurnalistikos bakalauro laipsniu. Istorijos patarimus galima i\u0161si\u0173sti charles.creitz@fox.com.<\/p>\n<\/div>\n<\/div>\n<\/div>\n<p><br \/>\n<br \/><a href=\"https:\/\/www.foxnews.com\/politics\/ca-post-wildfire-beef-heats-up-state-insurance-chief-accuses-dem-congressman-white-mansplaining\">Source link <\/a><\/p>\n","protected":false},"excerpt":{"rendered":"<p>\u012etarimai d\u0117l jaukumo tarp Kalifornijos i\u0161rinkto valstijos draudimo komisaro ir draudimo pramon\u0117s paskatino kaltinimus tarp jo, kritik\u0173 Sakramente ir Va\u0161ingtone,&hellip;<\/p>\n","protected":false},"author":1,"featured_media":1509,"comment_status":"","ping_status":"","sticky":false,"template":"","format":"standard","meta":{"om_disable_all_campaigns":false,"_monsterinsights_skip_tracking":false,"_monsterinsights_sitenote_active":false,"_monsterinsights_sitenote_note":"","_monsterinsights_sitenote_category":0,"footnotes":""},"categories":[168],"tags":[3523,59,3646,2131,3645,3644,180,2096,329,44,2721,3643],"class_list":["post-1508","post","type-post","status-publish","format-standard","has-post-thumbnail","hentry","category-pasaulio-naujienos","tag-baltojo","tag-del","tag-dem","tag-draudimo","tag-ikaista","tag-jautiena","tag-kai","tag-kaltina","tag-rep","tag-vadovas","tag-vyro","tag-wildfire"],"aioseo_notices":[],"_links":{"self":[{"href":"https:\/\/naujienaplius.lt\/index.php\/wp-json\/wp\/v2\/posts\/1508","targetHints":{"allow":["GET"]}}],"collection":[{"href":"https:\/\/naujienaplius.lt\/index.php\/wp-json\/wp\/v2\/posts"}],"about":[{"href":"https:\/\/naujienaplius.lt\/index.php\/wp-json\/wp\/v2\/types\/post"}],"author":[{"embeddable":true,"href":"https:\/\/naujienaplius.lt\/index.php\/wp-json\/wp\/v2\/users\/1"}],"replies":[{"embeddable":true,"href":"https:\/\/naujienaplius.lt\/index.php\/wp-json\/wp\/v2\/comments?post=1508"}],"version-history":[{"count":0,"href":"https:\/\/naujienaplius.lt\/index.php\/wp-json\/wp\/v2\/posts\/1508\/revisions"}],"wp:featuredmedia":[{"embeddable":true,"href":"https:\/\/naujienaplius.lt\/index.php\/wp-json\/wp\/v2\/media\/1509"}],"wp:attachment":[{"href":"https:\/\/naujienaplius.lt\/index.php\/wp-json\/wp\/v2\/media?parent=1508"}],"wp:term":[{"taxonomy":"category","embeddable":true,"href":"https:\/\/naujienaplius.lt\/index.php\/wp-json\/wp\/v2\/categories?post=1508"},{"taxonomy":"post_tag","embeddable":true,"href":"https:\/\/naujienaplius.lt\/index.php\/wp-json\/wp\/v2\/tags?post=1508"}],"curies":[{"name":"wp","href":"https:\/\/api.w.org\/{rel}","templated":true}]}}