{"id":1690,"date":"2025-05-22T09:50:09","date_gmt":"2025-05-22T09:50:09","guid":{"rendered":"https:\/\/naujienaplius.lt\/index.php\/2025\/05\/22\/kauno-miesto-savivaldybe-kauna-papilde-du-nauji-akcentai-ozka-geldoje-ir-godo\/"},"modified":"2025-05-22T09:50:09","modified_gmt":"2025-05-22T09:50:09","slug":"kauno-miesto-savivaldybe-kauna-papilde-du-nauji-akcentai-ozka-geldoje-ir-godo","status":"publish","type":"post","link":"https:\/\/naujienaplius.lt\/index.php\/2025\/05\/22\/kauno-miesto-savivaldybe-kauna-papilde-du-nauji-akcentai-ozka-geldoje-ir-godo\/","title":{"rendered":"Kauno miesto savivaldyb\u0117 Kaun\u0105 papild\u0117 du nauji akcentai: \u201eO\u017eka geldoje\u201c ir \u201eGodo\u201c"},"content":{"rendered":"<p><\/p>\n<div>\n<ol class=\"breadcrumb\">\n<li>Prad\u017eia<\/li>\n<li>Naujienos<\/li>\n<li>Kaun\u0105 papild\u0117 du nauji akcentai: \u201eO\u017eka geldoje\u201c ir \u201eGodo\u201c<\/li>\n<\/ol>\n<div class=\"post_featured_img_wrap\"><\/div>\n<div class=\"post_date\">\n<p>Paskelbta: 2025-05-22 (Ketvirtadienis)<\/p>\n<\/p><\/div>\n<\/p><\/div>\n<div data-post-id=\"193221\">\n<p><strong>Senamiestyje, M. Valan\u010diaus skvere, i\u0161kilo du nauji k\u016briniai. Tai skulptoriaus, profesoriaus Stasio \u017dirgulio darbai \u201eO\u017eka geldoje\u201c ir \u201eGodo\u201c. Jie papild\u0117 akcent\u0173 kolekcij\u0105 po atviru dangumi, kviesdami miestie\u010dius stabtel\u0117ti ir patirti men\u0105 netik\u0117tose miesto vietose. Jie skatina apm\u0105styti egzistencinius klausimus, meno paveldo reik\u0161m\u0119, k\u016brybos gali\u0105 bei \u017emogaus laukimo prasm\u0119. Skulpt\u016bros pastatytos per program\u0105 \u201eKauno akcentai\u201c.<\/strong><\/p>\n<p>\u201eBarselona, Berlynas ar Monrealis jau de\u0161imtme\u010dius investuoja \u012f meno k\u016brinius vie\u0161osiose erdv\u0117se, kur skulpt\u016bros, instaliacijos ir sien\u0173 tapyba tampa miesto tapatyb\u0117s dalimi. Kaunas taip pat ry\u017etingai \u017eengia \u0161ia kryptimi, kviesdamas menininkus kurti unikali\u0105, gyv\u0105 galerij\u0105 po atviru dangumi. Taip kiekvienas miesto kampelis ima pasakoti istorijas, kv\u0117puoti kult\u016bra ir menu bei \u012fkvepia kurti\u201c, \u2013 sako Kauno meras Visvaldas Matijo\u0161aitis.<\/p>\n<p>Vienas ry\u0161kiausi\u0173 Lietuvos skulptori\u0173 miest\u0105 papuo\u0161\u0117 dar dviem naujomis skulpt\u016bromis \u2013 bronzos, granito ir metalo skulpt\u016bra \u201eO\u017eka geldoje\u201c ir korteno metalo bei granito k\u016briniu \u201eGodo\u201c. Jos \u012fkurdintos M. Valan\u010diaus skvero \u017ealiose erdv\u0117se. Radvili\u0161kyje gim\u0119s autorius didel\u012f dal\u012f savo gyvenimo ir k\u016brybos dedikav\u0119s i\u0161skirtinai Kaunui \u2013 vien tik per pernai 22 k\u016brini\u0173 kolekcija \u201eEpoch\u0173 aidas\u201c papuo\u0161\u0117 Kalnie\u010di\u0173 parko erdves.<\/p>\n<p><img fetchpriority=\"high\" decoding=\"async\" class=\"alignnone size-full wp-image-193223\" src=\"https:\/\/www.kaunas.lt\/wp-content\/uploads\/sites\/13\/2025\/05\/\u201eOzka-geldoje-2-scaled.jpg\" alt=\"\" width=\"2560\" height=\"1703\" srcset=\"https:\/\/www.kaunas.lt\/wp-content\/uploads\/sites\/13\/2025\/05\/\u201eOzka-geldoje-2-scaled.jpg 2560w, https:\/\/www.kaunas.lt\/wp-content\/uploads\/sites\/13\/2025\/05\/\u201eOzka-geldoje-2-300x200.jpg 300w, https:\/\/www.kaunas.lt\/wp-content\/uploads\/sites\/13\/2025\/05\/\u201eOzka-geldoje-2-1024x681.jpg 1024w, https:\/\/www.kaunas.lt\/wp-content\/uploads\/sites\/13\/2025\/05\/\u201eOzka-geldoje-2-768x511.jpg 768w, https:\/\/www.kaunas.lt\/wp-content\/uploads\/sites\/13\/2025\/05\/\u201eOzka-geldoje-2-1536x1022.jpg 1536w, https:\/\/www.kaunas.lt\/wp-content\/uploads\/sites\/13\/2025\/05\/\u201eOzka-geldoje-2-2048x1363.jpg 2048w, https:\/\/www.kaunas.lt\/wp-content\/uploads\/sites\/13\/2025\/05\/\u201eOzka-geldoje-2-720x480.jpg 720w\" sizes=\"(max-width: 2560px) 100vw, 2560px\"\/><\/p>\n<p>\u201eMan d\u017eiugu matyti, kaip Kaunas gra\u017e\u0117ja, tvarkosi, tod\u0117l norisi vien\u0105 kit\u0105 p\u0117d\u0105 \u012fminti \u010dia, savo mieste.\u00a0 Kaunas i\u0161gyvena renesans\u0105. Ir man norisi jame b\u016bti, prisid\u0117ti. Visa tai daroma \u017emogui \u2013 kad miestas b\u016bt\u0173 gyvas, kad jame b\u016bt\u0173 gera b\u016bti\u201c, \u2013 sak\u0117 skulptorius ir meno k\u016brini\u0173 autorius Stasys \u017dirgulis.<\/p>\n<p>Naujieji akcentai \u2013 \u201eO\u017eka geldoje\u201c ir \u201eGodo<strong>\u201c<\/strong> \u2013 skirtingos savo forma ir id\u0117ja, ta\u010diau abi kvie\u010dia pa\u017evelgti \u012f pasaul\u012f per simboli\u0173 ir nuojaut\u0173 prizm\u0119. Autorius teigia, kad jam buvo svarbu ne tik estetinis rezultatas, bet ir k\u016brinio prasminis kr\u016bvis \u2013 tai, kaip meno objektas kalba su \u017emogumi, provokuoja m\u0105styti, ie\u0161koti atsakym\u0173 ar net susidurti su pa\u010diu savimi. Skulpt\u016bros atspindi menininko profesin\u012f meistri\u0161kum\u0105, gil\u0173 filosofin\u012f bei kult\u016brin\u012f turin\u012f.<\/p>\n<p><img loading=\"lazy\" decoding=\"async\" class=\"alignnone size-full wp-image-193224\" src=\"https:\/\/www.kaunas.lt\/wp-content\/uploads\/sites\/13\/2025\/05\/\u201eOzka-geldoje-1-scaled.jpg\" alt=\"\" width=\"2560\" height=\"1703\" srcset=\"https:\/\/www.kaunas.lt\/wp-content\/uploads\/sites\/13\/2025\/05\/\u201eOzka-geldoje-1-scaled.jpg 2560w, https:\/\/www.kaunas.lt\/wp-content\/uploads\/sites\/13\/2025\/05\/\u201eOzka-geldoje-1-300x200.jpg 300w, https:\/\/www.kaunas.lt\/wp-content\/uploads\/sites\/13\/2025\/05\/\u201eOzka-geldoje-1-1024x681.jpg 1024w, https:\/\/www.kaunas.lt\/wp-content\/uploads\/sites\/13\/2025\/05\/\u201eOzka-geldoje-1-768x511.jpg 768w, https:\/\/www.kaunas.lt\/wp-content\/uploads\/sites\/13\/2025\/05\/\u201eOzka-geldoje-1-1536x1022.jpg 1536w, https:\/\/www.kaunas.lt\/wp-content\/uploads\/sites\/13\/2025\/05\/\u201eOzka-geldoje-1-2048x1363.jpg 2048w, https:\/\/www.kaunas.lt\/wp-content\/uploads\/sites\/13\/2025\/05\/\u201eOzka-geldoje-1-720x480.jpg 720w\" sizes=\"auto, (max-width: 2560px) 100vw, 2560px\"\/><\/p>\n<p>Skulpt\u016bra \u201eO\u017eka geldoje\u201c dedikuota ispan\u0173 menininkui Pablo Pikasui. \u012ekv\u0117pimo \u0161altiniu tapo garsioji skulpt\u016bra \u201eLa Ch\u00e8vre\u201c (\u201eO\u017eka\u201c). Kaip pasakoja pats autorius, \u0161is darbas \u2013 lyg \u0161maik\u0161tus dialogas su pasaulio menu: \u201eKai dariau parod\u0105 Pary\u017eiuje, pagalvojau, kad i\u0161 Kauno \u012f Pranc\u016bzij\u0105 atplaukia o\u017eka geldoje \u2013 tai tarsi link\u0117jimas i\u0161 m\u016bs\u0173 miesto\u201c.<\/p>\n<p>\u017dirgulio k\u016brinys kalba apie gyvybingum\u0105, k\u016brybin\u0119 transformacij\u0105 ir gamtos j\u0117gas. Skulpt\u016bros forma ai\u0161ki ir lengvai atpa\u017e\u012fstama, tod\u0117l sav\u0105 k\u016brinio kontekst\u0105 ar netik\u0117t\u0105 prasm\u0119 atras tiek vaikas, tiek suaug\u0119s.<\/p>\n<p><img loading=\"lazy\" decoding=\"async\" class=\"alignnone size-full wp-image-193225\" src=\"https:\/\/www.kaunas.lt\/wp-content\/uploads\/sites\/13\/2025\/05\/\u201eGodo-1-scaled.jpg\" alt=\"\" width=\"2560\" height=\"1703\" srcset=\"https:\/\/www.kaunas.lt\/wp-content\/uploads\/sites\/13\/2025\/05\/\u201eGodo-1-scaled.jpg 2560w, https:\/\/www.kaunas.lt\/wp-content\/uploads\/sites\/13\/2025\/05\/\u201eGodo-1-300x200.jpg 300w, https:\/\/www.kaunas.lt\/wp-content\/uploads\/sites\/13\/2025\/05\/\u201eGodo-1-1024x681.jpg 1024w, https:\/\/www.kaunas.lt\/wp-content\/uploads\/sites\/13\/2025\/05\/\u201eGodo-1-768x511.jpg 768w, https:\/\/www.kaunas.lt\/wp-content\/uploads\/sites\/13\/2025\/05\/\u201eGodo-1-1536x1022.jpg 1536w, https:\/\/www.kaunas.lt\/wp-content\/uploads\/sites\/13\/2025\/05\/\u201eGodo-1-2048x1363.jpg 2048w, https:\/\/www.kaunas.lt\/wp-content\/uploads\/sites\/13\/2025\/05\/\u201eGodo-1-720x480.jpg 720w\" sizes=\"auto, (max-width: 2560px) 100vw, 2560px\"\/><\/p>\n<p>Tuo tarpu \u201eGodo\u201c remiasi Samuelio Beketo garsiuoju k\u016briniu \u201eBelaukiant Godo\u201c. Skulpt\u016bra sukurta dar 2013 metais \u2013 po to, kai autorius dramos teatre pamat\u0117 legendin\u012f spektakl\u012f. Pasak autoriaus, skulpt\u016bra \u201egim\u0117\u201c i\u0161 noro interpretuoti laukimo absurd\u0105, kuris kartais kupinas vilties, o kartais \u2013 beprasmi\u0161kas. Skulpt\u016bra vaizduoja siurrealistin\u0119 b\u016btyb\u0119, stovin\u010di\u0105 tarp skirting\u0173 pasauli\u0173 \u2013 tarp vilties ir ne\u017einios.<\/p>\n<p>\u201e\u0160i skulpt\u016bra man \u2013 aktuali. S. Beketas, kaip absurdo filosofijos atstovas ir egzistencialistas, suk\u016br\u0117 nepaprastai talenting\u0105 k\u016brin\u012f \u2013 \u201eBelaukiant Godo\u201c. Jis nuskamb\u0117jo per vis\u0105 pasaul\u012f. Nutariau, kad turiu pabandyti sukurti skulpt\u016br\u0105, pasirinkau tokias med\u017eiagas, kurios pavarg\u0119, sur\u016bdij\u0119 ir savo psichologija atitinka turin\u012f. Gal sprendimas \u0161okiruos \u017emones, bet tie, kas \u017eino spektakl\u012f \u2013 puikiausiai perskaitys pagrindin\u0119 id\u0117j\u0105\u201c, \u2013 prisimena S. \u017dirgulis.<\/p>\n<p><img loading=\"lazy\" decoding=\"async\" class=\"alignnone size-full wp-image-193226\" src=\"https:\/\/www.kaunas.lt\/wp-content\/uploads\/sites\/13\/2025\/05\/\u201eGodo-2-scaled.jpg\" alt=\"\" width=\"2560\" height=\"1703\" srcset=\"https:\/\/www.kaunas.lt\/wp-content\/uploads\/sites\/13\/2025\/05\/\u201eGodo-2-scaled.jpg 2560w, https:\/\/www.kaunas.lt\/wp-content\/uploads\/sites\/13\/2025\/05\/\u201eGodo-2-300x200.jpg 300w, https:\/\/www.kaunas.lt\/wp-content\/uploads\/sites\/13\/2025\/05\/\u201eGodo-2-1024x681.jpg 1024w, https:\/\/www.kaunas.lt\/wp-content\/uploads\/sites\/13\/2025\/05\/\u201eGodo-2-768x511.jpg 768w, https:\/\/www.kaunas.lt\/wp-content\/uploads\/sites\/13\/2025\/05\/\u201eGodo-2-1536x1022.jpg 1536w, https:\/\/www.kaunas.lt\/wp-content\/uploads\/sites\/13\/2025\/05\/\u201eGodo-2-2048x1363.jpg 2048w, https:\/\/www.kaunas.lt\/wp-content\/uploads\/sites\/13\/2025\/05\/\u201eGodo-2-720x480.jpg 720w\" sizes=\"auto, (max-width: 2560px) 100vw, 2560px\"\/><\/p>\n<p>Naujieji S. \u017dirgulio k\u016briniai pastatyti bendradarbiaujant su Lietuvos dailinink\u0173 s\u0105jungos (LDS) Kauno skyriumi per program\u0105 \u201eKauno akcentai\u201c. Skulpt\u016br\u0173 bendra \u012frengimo vert\u0117 \u2013 73,5 t\u016bkst. eur\u0173.<\/p>\n<p>Nuo 2017-\u0173j\u0173 veikiantis projektas \u201eKauno akcentai\u201c kvie\u010dia menininkus si\u016blyti id\u0117jas, puo\u0161ti miesto vie\u0161\u0105sias erdves skulpt\u016br\u0173, dizaino objekt\u0173, \u0161viesos instaliacij\u0173, ap\u0161vietimo ar gatv\u0117s tapybos k\u016briniais. Komisijos atrinkt\u0173 ir patvirtint\u0173 akcent\u0173 \u012fgyvendinim\u0105 finansuoja Kauno miesto savivaldyb\u0117. Menininkai i\u0161 visos Lietuvos kvie\u010diami teikti savo sumanymus specialioje platformoje internete: <span style=\"color: #800000\"><strong><span style=\"color: #800000\">akcentai.kaunas.l<\/span><\/strong>t<span style=\"color: #000000\">.<\/span><\/span><\/p>\n<p style=\"text-align: right\"><em>Ry\u0161i\u0173 su visuomene informacija<\/em><\/p>\n<\/p><\/div>\n<p><script>\n(function(d, s, id) {\n  var js, fjs = d.getElementsByTagName(s)(0);\n  if (d.getElementById(id)) return;\n  js = d.createElement(s); js.id = id;\n  js.src = \"\/\/connect.facebook.net\/lt_LT\/sdk.js#xfbml=1&version=v2.5&appId=118913718193570\";\n  fjs.parentNode.insertBefore(js, fjs);\n}(document, 'script', 'facebook-jssdk'));<\/script><script>(function(d, s, id) {\n\t\t\t\t\t\t\t\t\t\t\t  var js, fjs = d.getElementsByTagName(s)(0);\n\t\t\t\t\t\t\t\t\t\t\t  if (d.getElementById(id)) return;\n\t\t\t\t\t\t\t\t\t\t\t  js = d.createElement(s); js.id = id;\n\t\t\t\t\t\t\t\t\t\t\t  js.src = \"\/\/connect.facebook.net\/lt_LT\/sdk.js#xfbml=1&version=v2.3&appId=118913718193570\";\n\t\t\t\t\t\t\t\t\t\t\t  fjs.parentNode.insertBefore(js, fjs);\n\t\t\t\t\t\t\t\t\t\t\t}(document, 'script', 'facebook-jssdk'));\n\t\t\t\t\t\t\t\t\t\t\t<\/script><a href=\"https:\/\/www.kaunas.lt\/2025\/05\/22\/kauna-papilde-du-nauji-akcentai-ozka-geldoje-ir-godo\/\"> Nuoroda \u012f informacijos \u0161altin\u012f <\/a><\/p>\n","protected":false},"excerpt":{"rendered":"<p>Prad\u017eia Naujienos Kaun\u0105 papild\u0117 du nauji akcentai: \u201eO\u017eka geldoje\u201c ir \u201eGodo\u201c Paskelbta: 2025-05-22 (Ketvirtadienis) Senamiestyje, M. Valan\u010diaus skvere, i\u0161kilo du&hellip;<\/p>\n","protected":false},"author":1,"featured_media":1691,"comment_status":"","ping_status":"","sticky":false,"template":"","format":"standard","meta":{"om_disable_all_campaigns":false,"_monsterinsights_skip_tracking":false,"_monsterinsights_sitenote_active":false,"_monsterinsights_sitenote_note":"","_monsterinsights_sitenote_category":0,"footnotes":""},"categories":[2],"tags":[3888,3890,3891,3886,294,17,710,3889,3887,295],"class_list":["post-1690","post","type-post","status-publish","format-standard","has-post-thumbnail","hentry","category-miesto-naujienos","tag-akcentai","tag-geldoje","tag-godo","tag-kauna","tag-kauno","tag-miesto","tag-nauji","tag-ozka","tag-papilde","tag-savivaldybe"],"aioseo_notices":[],"_links":{"self":[{"href":"https:\/\/naujienaplius.lt\/index.php\/wp-json\/wp\/v2\/posts\/1690","targetHints":{"allow":["GET"]}}],"collection":[{"href":"https:\/\/naujienaplius.lt\/index.php\/wp-json\/wp\/v2\/posts"}],"about":[{"href":"https:\/\/naujienaplius.lt\/index.php\/wp-json\/wp\/v2\/types\/post"}],"author":[{"embeddable":true,"href":"https:\/\/naujienaplius.lt\/index.php\/wp-json\/wp\/v2\/users\/1"}],"replies":[{"embeddable":true,"href":"https:\/\/naujienaplius.lt\/index.php\/wp-json\/wp\/v2\/comments?post=1690"}],"version-history":[{"count":0,"href":"https:\/\/naujienaplius.lt\/index.php\/wp-json\/wp\/v2\/posts\/1690\/revisions"}],"wp:featuredmedia":[{"embeddable":true,"href":"https:\/\/naujienaplius.lt\/index.php\/wp-json\/wp\/v2\/media\/1691"}],"wp:attachment":[{"href":"https:\/\/naujienaplius.lt\/index.php\/wp-json\/wp\/v2\/media?parent=1690"}],"wp:term":[{"taxonomy":"category","embeddable":true,"href":"https:\/\/naujienaplius.lt\/index.php\/wp-json\/wp\/v2\/categories?post=1690"},{"taxonomy":"post_tag","embeddable":true,"href":"https:\/\/naujienaplius.lt\/index.php\/wp-json\/wp\/v2\/tags?post=1690"}],"curies":[{"name":"wp","href":"https:\/\/api.w.org\/{rel}","templated":true}]}}