{"id":1703,"date":"2025-06-20T20:23:32","date_gmt":"2025-06-20T20:23:32","guid":{"rendered":"https:\/\/naujienaplius.lt\/index.php\/2025\/06\/20\/europos-diplomatai-ragina-irana-testi-jav-branduolines-derybas-po-ispuoliu\/"},"modified":"2025-06-20T20:23:32","modified_gmt":"2025-06-20T20:23:32","slug":"europos-diplomatai-ragina-irana-testi-jav-branduolines-derybas-po-ispuoliu","status":"publish","type":"post","link":"https:\/\/naujienaplius.lt\/index.php\/2025\/06\/20\/europos-diplomatai-ragina-irana-testi-jav-branduolines-derybas-po-ispuoliu\/","title":{"rendered":"Europos diplomatai ragina Iran\u0105 t\u0119sti JAV branduolines derybas po i\u0161puoli\u0173"},"content":{"rendered":"<p><\/p>\n<div>\n<div id=\"beyondwords-wrapper\" class=\"beyondwords-wrapper\">\n<p><span class=\"label-bg\">Nauja<\/span>Dabar galite klausytis \u201eFox News\u201c straipsni\u0173!\n  <\/p>\n<\/div>\n<p class=\"speakable\">Diplomatai i\u0161 Did\u017eiosios Britanijos, Pranc\u016bzijos, Vokietijos ir Europos S\u0105jungos penktadien\u012f susitiko su Irano u\u017esienio reikal\u0173 ministru, ragindami \u0161al\u012f t\u0119sti diplomatij\u0105 su JAV pra\u0117jus savaitei po to, kai sustabdytos branduolin\u0117s derybos tapo i\u0161puoliais tarp Irano ir Izraelio. <\/p>\n<p class=\"speakable\">\u201eMes norime t\u0119sti nuolatines diskusijas ir derybas su Iranu. Mes raginame Iran\u0105 t\u0119sti j\u0173 derybas su JAV\u201c, &#8211; teig\u0117 Did\u017eiosios Britanijos u\u017esienio reikal\u0173 sekretorius Davidas Lammy. &#8222;Mums buvo ai\u0161ku: Iranas negali tur\u0117ti branduolinio ginklo&#8221;.<\/p>\n<p>Susitikimas, vyk\u0119s \u017denevoje, \u0160veicarijoje, buvo pirmasis akis \u012f ak\u012f su Irano lyderiu nuo pra\u0117jusio savaitgalio \u201eFlashpoint\u201c. <\/p>\n<p>\u201e\u0160iandien geras rezultatas yra tas, kad paliekame kambar\u012f su \u012fsp\u016bd\u017eiu, kad Irano pus\u0117 i\u0161 esm\u0117s yra pasirengusi toliau kalb\u0117ti apie visus svarbius klausimus\u201c, &#8211; teig\u0117 vokie\u010di\u0173 u\u017esienio reikal\u0173 ministras Johanas Wadephulas. Jis sak\u0117, kad abi pus\u0117s sureng\u0117 \u201elabai rimtas derybas\u201c.<\/p>\n<p><strong>Iranas derasi su penktadien\u012f nustatytais europie\u010diais; Baltieji r\u016bmai mato \u201edidel\u0119 galimyb\u0119\u201c atnaujinti derybas<\/strong><\/p>\n<div class=\"image-ct inline\">\n<div class=\"m\"><picture><source media=\"(max-width: 767px)\" srcset=\"https:\/\/a57.foxnews.com\/static.foxnews.com\/foxnews.com\/content\/uploads\/2025\/06\/343\/192\/european-diplomats.jpg?ve=1&amp;tl=1, https:\/\/a57.foxnews.com\/static.foxnews.com\/foxnews.com\/content\/uploads\/2025\/06\/686\/384\/european-diplomats.jpg?ve=1&amp;tl=1 2x\" height=\"192\" width=\"343\"><source media=\"(min-width: 768px) and (max-width: 1023px)\" srcset=\"https:\/\/a57.foxnews.com\/static.foxnews.com\/foxnews.com\/content\/uploads\/2025\/06\/672\/378\/european-diplomats.jpg?ve=1&amp;tl=1, https:\/\/a57.foxnews.com\/static.foxnews.com\/foxnews.com\/content\/uploads\/2025\/06\/1344\/756\/european-diplomats.jpg?ve=1&amp;tl=1 2x\" height=\"378\" width=\"672\"><source media=\"(min-width: 1024px) and (max-width: 1279px)\" srcset=\"https:\/\/a57.foxnews.com\/static.foxnews.com\/foxnews.com\/content\/uploads\/2025\/06\/931\/523\/european-diplomats.jpg?ve=1&amp;tl=1, https:\/\/a57.foxnews.com\/static.foxnews.com\/foxnews.com\/content\/uploads\/2025\/06\/1862\/1046\/european-diplomats.jpg?ve=1&amp;tl=1 2x\" height=\"523\" width=\"931\"><source media=\"(min-width: 1280px)\" srcset=\"https:\/\/a57.foxnews.com\/static.foxnews.com\/foxnews.com\/content\/uploads\/2025\/06\/720\/405\/european-diplomats.jpg?ve=1&amp;tl=1, https:\/\/a57.foxnews.com\/static.foxnews.com\/foxnews.com\/content\/uploads\/2025\/06\/1440\/810\/european-diplomats.jpg?ve=1&amp;tl=1 2x\" height=\"405\" width=\"720\"><\/source><\/source><\/source><\/source><\/picture><\/div>\n<div class=\"info\">\n<div class=\"caption\">\n<p><span>Pranc\u016bzijos Europos ir u\u017esienio reikal\u0173 ministras Jean-Noel Barrot i\u0161 kair\u0117s, Did\u017eiosios Britanijos u\u017esienio reikal\u0173 sekretoriaus Davidas Lammy, Vokietijos u\u017esienio reikal\u0173 ministras Johanas Wadephulas ir Europos S\u0105jungos auk\u0161tas atstovas u\u017esienio reikal\u0173 ir saugumo politikai, Kaja Kallas, pateikia fotografijas per Vokietijos federalin\u0117s respublikos Cofforo biurus (Penktadien\u012f, 2025 m.<\/span> <span>(Fabrice Coffrini\/Keystone per AP)<\/span><\/p>\n<\/div>\n<\/div>\n<\/div>\n<p>Susitikimas su Irano u\u017esienio reikal\u0173 ministru Abbasu Araghchi truko daugiau nei tris valandas.<\/p>\n<p>\u201eKarin\u0117s operacijos gali sul\u0117tinti Irano branduolin\u0119 program\u0105, ta\u010diau jokiu b\u016bdu jos negali panaikinti\u201c,-teig\u0117 Pranc\u016bzijos u\u017esienio reikal\u0173 ministras Jean-No\u00ebl Barrot. &#8222;Mes gerai \u017einome &#8211; pamat\u0119, kas nutiko Afganistane, Irake, Libijoje, kaip iliuzija ir pavojinga nor\u0117ti primesti re\u017eimo poky\u010dius i\u0161 i\u0161or\u0117s.&#8221;<\/p>\n<p>Bendrame prane\u0161ime Pranc\u016bzija, JK, Vokietija ir ES teig\u0117, kad jie dalijasi savo \u201erimtais r\u016bpes\u010diais\u201c su Araghchi \u201cd\u0117l \u012ftampos Viduriniuose Rytuose eskalavimo ir pakartojo savo tvirt\u0105 \u012fsipareigojim\u0105 d\u0117l Izraelio saugumo. ginklas \u201c.<\/p>\n<p>Pra\u0117jusio penktadienio prad\u017eioje Izraelis paleido oro atakus prie\u0161 Irano branduolines vietas po to, kai atrod\u0117, kad branduolin\u0117s derybos u\u017estrigo ir privert\u0117 Iran\u0105 atker\u0161yti. Abi \u0161alys ir toliau prekiauja streikais. <\/p>\n<div class=\"image-ct inline\">\n<div class=\"m\"><picture><source media=\"(max-width: 767px)\" srcset=\"https:\/\/a57.foxnews.com\/static.foxnews.com\/foxnews.com\/content\/uploads\/2025\/06\/343\/192\/iran-foreign-minister-scaled.jpg?ve=1&amp;tl=1, https:\/\/a57.foxnews.com\/static.foxnews.com\/foxnews.com\/content\/uploads\/2025\/06\/686\/384\/iran-foreign-minister-scaled.jpg?ve=1&amp;tl=1 2x\" height=\"192\" width=\"343\"><source media=\"(min-width: 768px) and (max-width: 1023px)\" srcset=\"https:\/\/a57.foxnews.com\/static.foxnews.com\/foxnews.com\/content\/uploads\/2025\/06\/672\/378\/iran-foreign-minister-scaled.jpg?ve=1&amp;tl=1, https:\/\/a57.foxnews.com\/static.foxnews.com\/foxnews.com\/content\/uploads\/2025\/06\/1344\/756\/iran-foreign-minister-scaled.jpg?ve=1&amp;tl=1 2x\" height=\"378\" width=\"672\"><source media=\"(min-width: 1024px) and (max-width: 1279px)\" srcset=\"https:\/\/a57.foxnews.com\/static.foxnews.com\/foxnews.com\/content\/uploads\/2025\/06\/931\/523\/iran-foreign-minister-scaled.jpg?ve=1&amp;tl=1, https:\/\/a57.foxnews.com\/static.foxnews.com\/foxnews.com\/content\/uploads\/2025\/06\/1862\/1046\/iran-foreign-minister-scaled.jpg?ve=1&amp;tl=1 2x\" height=\"523\" width=\"931\"><source media=\"(min-width: 1280px)\" srcset=\"https:\/\/a57.foxnews.com\/static.foxnews.com\/foxnews.com\/content\/uploads\/2025\/06\/720\/405\/iran-foreign-minister-scaled.jpg?ve=1&amp;tl=1, https:\/\/a57.foxnews.com\/static.foxnews.com\/foxnews.com\/content\/uploads\/2025\/06\/1440\/810\/iran-foreign-minister-scaled.jpg?ve=1&amp;tl=1 2x\" height=\"405\" width=\"720\"><img loading=\"lazy\" decoding=\"async\" src=\"https:\/\/a57.foxnews.com\/static.foxnews.com\/foxnews.com\/content\/uploads\/2025\/06\/1200\/675\/iran-foreign-minister-scaled.jpg?ve=1&amp;tl=1\" alt=\"Irano u\u017esienio reikal\u0173 ministras\" width=\"1200\" height=\"675\"\/><\/source><\/source><\/source><\/source><\/picture><\/div>\n<div class=\"info\">\n<div class=\"caption\">\n<p><span>Europos lyderiai penktadien\u012f kalb\u0117jo su Irano u\u017esienio reikal\u0173 ministru Abbasu Araghchi. <\/span> <span>(Martial Trezzini\/Keystone per AP)<\/span><\/p>\n<\/div>\n<\/div>\n<\/div>\n<p>Ministras pirmininkas Benjaminas Netanyahu netrukus paskelb\u0117, kad streikai yra b\u016btini norint \u201esugr\u0105\u017einti Irano gr\u0117sm\u0119 Izraelio i\u0161gyvenimui\u201c.<\/p>\n<p>Pos\u0117dis taip pat \u012fvyks pra\u0117jus ma\u017eiau nei m\u0117nesiui po to, kai Tarptautin\u0117s atomin\u0117s energetikos agent\u016bros prane\u0161imas persp\u0117jo, kad \u0161alis greitai padidina savo atsarg\u0173 i\u0161 beveik ginkl\u0173 lygio praturtinto urano. <\/p>\n<p><strong>Situacijos kambaryje, kur Trumpas ir jo nacionalinio saugumo komanda d\u0117vi kitus \u017eingsnius Irane<\/strong><\/p>\n<p>Penktadien\u012f Europos diplomatai \u201epakartojo savo ilgalaik\u012f susir\u016bpinim\u0105 d\u0117l Irano pl\u0117tros jos branduolin\u0117s programos, kuri neturi patikimo civilinio tikslo, pa\u017eeid\u017eiant beveik visas JCPOA nuostatas\u201c.<\/p>\n<p>Jie prid\u016br\u0117, kad jie \u201eaptar\u0117 b\u016bdus, susijusius su derybomis d\u0117l Irano branduolin\u0117s programos, tuo pa\u010diu pabr\u0117\u017edami \u0161io klausimo skubum\u0105. Jie i\u0161rei\u0161k\u0117 nor\u0105 toliau diskutuoti apie visus klausimus, susijusius su Irano branduoline programa, ir platesnius klausimus\u201c, ragindami Iran\u0105 bendradarbiauti su IAEA.<\/p>\n<p>Anks\u010diau \u0161i\u0105 savait\u0119 JAV prezidentas Donaldas Trumpas teig\u0117, kad gali apsvarstyti JAV streik\u0105 Irane. <\/p>\n<div class=\"image-ct inline\">\n<div class=\"m\"><picture><source media=\"(max-width: 767px)\" srcset=\"https:\/\/a57.foxnews.com\/static.foxnews.com\/foxnews.com\/content\/uploads\/2025\/06\/343\/192\/trump-june-20-scaled.jpg?ve=1&amp;tl=1, https:\/\/a57.foxnews.com\/static.foxnews.com\/foxnews.com\/content\/uploads\/2025\/06\/686\/384\/trump-june-20-scaled.jpg?ve=1&amp;tl=1 2x\" height=\"192\" width=\"343\"><source media=\"(min-width: 768px) and (max-width: 1023px)\" srcset=\"https:\/\/a57.foxnews.com\/static.foxnews.com\/foxnews.com\/content\/uploads\/2025\/06\/672\/378\/trump-june-20-scaled.jpg?ve=1&amp;tl=1, https:\/\/a57.foxnews.com\/static.foxnews.com\/foxnews.com\/content\/uploads\/2025\/06\/1344\/756\/trump-june-20-scaled.jpg?ve=1&amp;tl=1 2x\" height=\"378\" width=\"672\"><source media=\"(min-width: 1024px) and (max-width: 1279px)\" srcset=\"https:\/\/a57.foxnews.com\/static.foxnews.com\/foxnews.com\/content\/uploads\/2025\/06\/931\/523\/trump-june-20-scaled.jpg?ve=1&amp;tl=1, https:\/\/a57.foxnews.com\/static.foxnews.com\/foxnews.com\/content\/uploads\/2025\/06\/1862\/1046\/trump-june-20-scaled.jpg?ve=1&amp;tl=1 2x\" height=\"523\" width=\"931\"><source media=\"(min-width: 1280px)\" srcset=\"https:\/\/a57.foxnews.com\/static.foxnews.com\/foxnews.com\/content\/uploads\/2025\/06\/720\/405\/trump-june-20-scaled.jpg?ve=1&amp;tl=1, https:\/\/a57.foxnews.com\/static.foxnews.com\/foxnews.com\/content\/uploads\/2025\/06\/1440\/810\/trump-june-20-scaled.jpg?ve=1&amp;tl=1 2x\" height=\"405\" width=\"720\"><img loading=\"lazy\" decoding=\"async\" src=\"https:\/\/a57.foxnews.com\/static.foxnews.com\/foxnews.com\/content\/uploads\/2025\/06\/1200\/675\/trump-june-20-scaled.jpg?ve=1&amp;tl=1\" alt=\"Trumpas i\u0161lips i\u0161 oro paj\u0117g\u0173\" width=\"1200\" height=\"675\"\/><\/source><\/source><\/source><\/source><\/picture><\/div>\n<div class=\"info\">\n<div class=\"caption\">\n<p><span>Prezidentas Donaldas Trumpas atvyksta \u012f oro paj\u0117gas Morristown savivaldyb\u0117s oro uoste Morristown mieste, NJ, 2025 m. Bir\u017eelio 20 d., Penktadien\u012f. (AP Photo\/Manuel Balce Ceneta)<\/span> <span>(AP nuotrauka\/Manuel Balce cneta)<\/span><\/p>\n<\/div>\n<\/div>\n<\/div>\n<p>&#8222;Taip, a\u0161 galiu tai padaryti. A\u0161 galb\u016bt to nedarau. A\u0161 turiu galvoje, kad niekas ne\u017eino, k\u0105 a\u0161 darysiu. A\u0161 galiu jums tai pasakyti, kad Iranas turi daug problem\u0173, ir jie nori der\u0117tis&#8221;, &#8211; Trumpas \u017eurnalistams pasakojo tre\u010diadien\u012f apie JAV, potencialiai smogiant\u012f Iranui, nes jis t\u0119sia prekyb\u0105 mirtinomis streikais su Israel. &#8222;Ir a\u0161 pasakiau, kod\u0117l tu nesiruo\u0161ei su manimi prie\u0161 vis\u0105 \u0161i\u0105 mirt\u012f ir sunaikinim\u0105? Kod\u0117l tu neva\u017eiavai? A\u0161 pasakiau \u017emon\u0117ms, kod\u0117l prie\u0161 dvi savaites nesiruo\u0161\u0117te su manimi? J\u016bs gal\u0117jote padaryti gerai. J\u016bs b\u016btum\u0117te tur\u0117j\u0119s \u0161al\u012f. Labai li\u016bdna tai \u017ei\u016br\u0117ti&#8221;.<\/p>\n<p>Trumpas penktadien\u012f \u017eurnalistams sak\u0117, kad JAV \u201enori\u201c ir \u201esugeba\u201c kalb\u0117tis su Iranu, pridurdamas, kad Iranas nenori kalb\u0117tis su Europa. &#8222;Jie nori kalb\u0117ti su mumis. Europa nepad\u0117s&#8221;, &#8211; sak\u0117 jis. <\/p>\n<p>Jis prid\u016br\u0117, kad nors 2003 m. Jis prie\u0161taravo kare Irake, nes netik\u0117jo, kad yra ginkl\u0173 d\u0117l masinio naikinimo, jis mano, kad Iranas kuria branduolin\u012f ginkl\u0105, sakydamas, kad Nacionalin\u0117s \u017evalgybos direktorius Tulsi Gabbardas yra \u201eneteisingas\u201c sakydamas, kad n\u0117ra pakankamai \u012frodym\u0173, kad tai daroma i\u0161vada. <\/p>\n<p>&#8222;Med\u017eiaga, kuri\u0105 jie jau surinko. Tai yra nepaprastai daug med\u017eiagos. Ir a\u0161 manau, kad per kelias savaites ar, be abejo, per kelet\u0105 m\u0117nesi\u0173, jie gal\u0117s tur\u0117ti branduolin\u012f ginkl\u0105&#8221;, &#8211; sak\u0117 jis. &#8222;Mes negalime leisti, kad tai \u012fvykt\u0173&#8221;. <\/p>\n<p><strong>Spustel\u0117kite \u010dia, jei norite gauti \u201eFox News\u201c program\u0105<\/strong><\/p>\n<p>Penktadien\u012f JK, Pranc\u016bzija, Vokietija ir ES diplomatai teig\u0117, kad jie taip pat \u201epasidalino savo parama diskusijoms t\u0119sti\u201c su Iranu ir \u201epasveikino nuolatines JAV pastangas ie\u0161koti deryb\u0173. Jie i\u0161rei\u0161k\u0117 nor\u0105 v\u0117l susitikti ateityje\u201c.<\/p>\n<p> <i>Prie \u0161ios ataskaitos prisid\u0117jo \u201eFox News\u201c Benas Evansky, Emma Colton ir \u201eThe Associated Press\u201c. <\/i><\/p>\n<p> <!----> <\/div>\n<p><a href=\"https:\/\/www.foxnews.com\/world\/european-diplomats-urge-iran-continue-us-nuclear-talks-first-face-to-face-since-strikes-started\"> Nuoroda \u012f informacijos \u0161altin\u012f <\/a><\/p>\n","protected":false},"excerpt":{"rendered":"<p>NaujaDabar galite klausytis \u201eFox News\u201c straipsni\u0173! Diplomatai i\u0161 Did\u017eiosios Britanijos, Pranc\u016bzijos, Vokietijos ir Europos S\u0105jungos penktadien\u012f susitiko su Irano u\u017esienio&hellip;<\/p>\n","protected":false},"author":1,"featured_media":1704,"comment_status":"","ping_status":"","sticky":false,"template":"","format":"standard","meta":{"om_disable_all_campaigns":false,"_monsterinsights_skip_tracking":false,"_monsterinsights_sitenote_active":false,"_monsterinsights_sitenote_note":"","_monsterinsights_sitenote_category":0,"footnotes":""},"categories":[168],"tags":[3913,2156,3910,127,3911,3914,173,458,3912],"class_list":["post-1703","post","type-post","status-publish","format-standard","has-post-thumbnail","hentry","category-pasaulio-naujienos","tag-branduolines","tag-derybas","tag-diplomatai","tag-europos","tag-irana","tag-ispuoliu","tag-jav","tag-ragina","tag-testi"],"aioseo_notices":[],"_links":{"self":[{"href":"https:\/\/naujienaplius.lt\/index.php\/wp-json\/wp\/v2\/posts\/1703","targetHints":{"allow":["GET"]}}],"collection":[{"href":"https:\/\/naujienaplius.lt\/index.php\/wp-json\/wp\/v2\/posts"}],"about":[{"href":"https:\/\/naujienaplius.lt\/index.php\/wp-json\/wp\/v2\/types\/post"}],"author":[{"embeddable":true,"href":"https:\/\/naujienaplius.lt\/index.php\/wp-json\/wp\/v2\/users\/1"}],"replies":[{"embeddable":true,"href":"https:\/\/naujienaplius.lt\/index.php\/wp-json\/wp\/v2\/comments?post=1703"}],"version-history":[{"count":0,"href":"https:\/\/naujienaplius.lt\/index.php\/wp-json\/wp\/v2\/posts\/1703\/revisions"}],"wp:featuredmedia":[{"embeddable":true,"href":"https:\/\/naujienaplius.lt\/index.php\/wp-json\/wp\/v2\/media\/1704"}],"wp:attachment":[{"href":"https:\/\/naujienaplius.lt\/index.php\/wp-json\/wp\/v2\/media?parent=1703"}],"wp:term":[{"taxonomy":"category","embeddable":true,"href":"https:\/\/naujienaplius.lt\/index.php\/wp-json\/wp\/v2\/categories?post=1703"},{"taxonomy":"post_tag","embeddable":true,"href":"https:\/\/naujienaplius.lt\/index.php\/wp-json\/wp\/v2\/tags?post=1703"}],"curies":[{"name":"wp","href":"https:\/\/api.w.org\/{rel}","templated":true}]}}