{"id":1795,"date":"2026-01-01T21:03:09","date_gmt":"2026-01-01T21:03:09","guid":{"rendered":"https:\/\/naujienaplius.lt\/index.php\/2026\/01\/01\/trumpas-smerkia-georgea-clooney-izeidzianciame-naujuju-metu-isvakariu-tiesa-socialiniame-tinkle\/"},"modified":"2026-01-01T21:03:09","modified_gmt":"2026-01-01T21:03:09","slug":"trumpas-smerkia-georgea-clooney-izeidzianciame-naujuju-metu-isvakariu-tiesa-socialiniame-tinkle","status":"publish","type":"post","link":"https:\/\/naujienaplius.lt\/index.php\/2026\/01\/01\/trumpas-smerkia-georgea-clooney-izeidzianciame-naujuju-metu-isvakariu-tiesa-socialiniame-tinkle\/","title":{"rendered":"Trumpas smerkia George&#8217;\u0105 Clooney \u012f\u017eeid\u017eian\u010diame Nauj\u0173j\u0173 met\u0173 i\u0161vakari\u0173 tiesa socialiniame tinkle"},"content":{"rendered":"<p><\/p>\n<div>\n<div id=\"beyondwords-wrapper\" class=\"beyondwords-wrapper\">\n<p><span class=\"label-bg\">NAUJIENA<\/span>Dabar galite klausytis \u201eFox News\u201c straipsni\u0173!\n  <\/p>\n<\/div>\n<p class=\"speakable\">Prezidentas Donaldas Trumpas pasmerk\u0117 George&#8217;\u0105 Clooney kaip \u201evidutin\u012f vaikin\u0105, nuolat besiskund\u017eiant\u012f sveiku protu politikoje\u201c, prid\u016br\u0117, kad aktorius \u201evisai nebuvo kino \u017evaig\u017ed\u0117\u201c ir susilauk\u0117 \u201edaugiau vie\u0161umo apie politik\u0105 nei d\u0117l savo labai nedaugelio ir visi\u0161kai vidutini\u0161k\u0173 film\u0173\u201c.<\/p>\n<p class=\"speakable\">\u012e\u017eeid\u017eian\u010diame Nauj\u0173j\u0173 met\u0173 i\u0161vakari\u0173 tiesos socialiniame tinkle \u012fra\u0161e Trumpas pavadino \u201eJay Kelly\u201c \u017evaig\u017ed\u0119 ir jo \u017emon\u0105, \u017emogaus teisi\u0173 teisinink\u0119 Amal Clooney \u201edviem blogiausiais vis\u0173 laik\u0173 politiniais prognozuotojais\u201c po to, kai pora neseniai paskelb\u0117, kad jiems buvo suteikta Pranc\u016bzijos pilietyb\u0117.<\/p>\n<p>&#8222;Geros naujienos! George&#8217;as ir Amal Clooney, du blogiausi vis\u0173 laik\u0173 politiniai prognozuotojai, oficialiai tapo Pranc\u016bzijos pilie\u010diais, kuri, deja, yra did\u017eiul\u0117s nusikalstamumo problemos \u012fkar\u0161tyje d\u0117l j\u0173 absoliu\u010diai siaubingo elgesio su imigracija, pana\u0161iai kaip mes mieguistojo Joe Bideno laikais&#8221;, &#8211; ra\u0161\u0117 Trumpas.<\/p>\n<p><strong>GEORGE CLOONEY sako, kad ABC, CBS TUR\u0116JO PASAKYTI TRUMPUI \u201eEIK PATS\u201c<\/strong><\/p>\n<div class=\"image-ct inline\">\n<div class=\"m\"><picture><source media=\"(max-width: 767px)\" srcset=\"https:\/\/a57.foxnews.com\/static.foxnews.com\/foxnews.com\/content\/uploads\/2025\/04\/343\/192\/trump-clooney.png?ve=1&amp;tl=1, https:\/\/a57.foxnews.com\/static.foxnews.com\/foxnews.com\/content\/uploads\/2025\/04\/686\/384\/trump-clooney.png?ve=1&amp;tl=1 2x\" height=\"192\" width=\"343\"\/><source media=\"(min-width: 768px) and (max-width: 1023px)\" srcset=\"https:\/\/a57.foxnews.com\/static.foxnews.com\/foxnews.com\/content\/uploads\/2025\/04\/672\/378\/trump-clooney.png?ve=1&amp;tl=1, https:\/\/a57.foxnews.com\/static.foxnews.com\/foxnews.com\/content\/uploads\/2025\/04\/1344\/756\/trump-clooney.png?ve=1&amp;tl=1 2x\" height=\"378\" width=\"672\"\/><source media=\"(min-width: 1024px) and (max-width: 1279px)\" srcset=\"https:\/\/a57.foxnews.com\/static.foxnews.com\/foxnews.com\/content\/uploads\/2025\/04\/931\/523\/trump-clooney.png?ve=1&amp;tl=1, https:\/\/a57.foxnews.com\/static.foxnews.com\/foxnews.com\/content\/uploads\/2025\/04\/1862\/1046\/trump-clooney.png?ve=1&amp;tl=1 2x\" height=\"523\" width=\"931\"\/><source media=\"(min-width: 1280px)\" srcset=\"https:\/\/a57.foxnews.com\/static.foxnews.com\/foxnews.com\/content\/uploads\/2025\/04\/720\/405\/trump-clooney.png?ve=1&amp;tl=1, https:\/\/a57.foxnews.com\/static.foxnews.com\/foxnews.com\/content\/uploads\/2025\/04\/1440\/810\/trump-clooney.png?ve=1&amp;tl=1 2x\" height=\"405\" width=\"720\"\/><\/picture><\/div>\n<div class=\"info\">\n<div class=\"caption\">\n<p><span>Prezidentas Donaldas Trumpas \u012f\u017eeid\u017eian\u010diame Nauj\u0173j\u0173 met\u0173 i\u0161vakari\u0173 tiesos socialiniame \u012fra\u0161e atsiliep\u0117 apie aktori\u0173 George&#8217;\u0105 Clooney.<\/span> <span>(\u201eGetty Images\u201c)<\/span><\/p>\n<\/div>\n<\/div>\n<\/div>\n<p>Prezidentas taip pat u\u017esimin\u0117, kaip Clooney \u201ei\u0161met\u0117\u201c buvus\u012f prezident\u0105 Joe Biden\u0105 po jo li\u016bdnai pagars\u0117jusi\u0173 debat\u0173 su D. Trumpu 2024 met\u0173 liep\u0105.<\/p>\n<p>\u201ePrisiminkite, kai po li\u016bdnai pagars\u0117jusi\u0173 debat\u0173 Clooney met\u0117 Joe per l\u0117\u0161\u0173 rinkim\u0105, tik stojo \u012f kito \u017evaig\u017ed\u017ei\u0173 kandidato Jamalos (K!) pus\u0119, kuri dabar kovoja su blogiausiu \u0161alies gubernatoriumi, \u012fskaitant Tim\u0105 Waltz\u0105, Gavin\u0105 Newscum, d\u0117l to, kas lems demokrat\u0173 pralaim\u0117jim\u0105\u201c, \u2013 dav\u0117 jis.<\/p>\n<p>Trumpas baig\u0117 savo post\u0105 paskleisdamas Clooney aktor\u0117s karjer\u0105, teigdamas, kad dabar jis yra geriau \u017einomas d\u0117l savo dalyvavimo politikoje nei d\u0117l \u201elabai nedaugelio ir visi\u0161kai vidutini\u0161k\u0173 film\u0173\u201c.<\/p>\n<p>&#8222;Clooney gavo daugiau vie\u0161umo apie politik\u0105 nei apie savo labai kelis ir visi\u0161kai vidutini\u0161kus filmus. Jis visai nebuvo kino \u017evaig\u017ed\u0117, jis buvo tiesiog paprastas vaikinas, kuris nuolat skund\u0117si sveiku protu politikoje. PADARINK AMERIK\u0104 V\u0116L DIDINGA!&#8221; ra\u0161\u0117 prezidentas.<\/p>\n<p><strong>GEORGE&#8217;as CLOONEY GYNA BIDEN\u0104 NEM\u0104STAM\u0104, KRITIKUOJA DEMOKRAT\u0172 \u201eKLAIDA\u201c SU KAMALA HARRIS 2024 m. RINKIMUOSE<\/strong><\/p>\n<p>\u201eFox News Digital\u201c papra\u0161ytas pakomentuoti, Clooney atsak\u0117 tokiu parei\u0161kimu: \u201eVisi\u0161kai sutinku su dabartiniu prezidentu. Turime v\u0117l padaryti Amerik\u0105 puikia. Prad\u0117sime lapkrit\u012f\u201c.<\/p>\n<p>Trumpo ataka \u012fvyko po to, kai Clooney neseniai susipyko su CBS News vyriausiuoju redaktoriumi Bari Weissu, kuriam jis antradien\u012f parei\u0161k\u0117, kad \u201eVariety\u201c \u201ei\u0161ardo CBS News, kol mes kalbame\u201c.<\/p>\n<div class=\"image-ct inline\">\n<div class=\"m\"><picture><source media=\"(max-width: 767px)\" srcset=\"https:\/\/a57.foxnews.com\/static.foxnews.com\/foxnews.com\/content\/uploads\/2025\/12\/343\/192\/bari-weiss-george-clooney.jpg?ve=1&amp;tl=1, https:\/\/a57.foxnews.com\/static.foxnews.com\/foxnews.com\/content\/uploads\/2025\/12\/686\/384\/bari-weiss-george-clooney.jpg?ve=1&amp;tl=1 2x\" height=\"192\" width=\"343\"\/><source media=\"(min-width: 768px) and (max-width: 1023px)\" srcset=\"https:\/\/a57.foxnews.com\/static.foxnews.com\/foxnews.com\/content\/uploads\/2025\/12\/672\/378\/bari-weiss-george-clooney.jpg?ve=1&amp;tl=1, https:\/\/a57.foxnews.com\/static.foxnews.com\/foxnews.com\/content\/uploads\/2025\/12\/1344\/756\/bari-weiss-george-clooney.jpg?ve=1&amp;tl=1 2x\" height=\"378\" width=\"672\"\/><source media=\"(min-width: 1024px) and (max-width: 1279px)\" srcset=\"https:\/\/a57.foxnews.com\/static.foxnews.com\/foxnews.com\/content\/uploads\/2025\/12\/931\/523\/bari-weiss-george-clooney.jpg?ve=1&amp;tl=1, https:\/\/a57.foxnews.com\/static.foxnews.com\/foxnews.com\/content\/uploads\/2025\/12\/1862\/1046\/bari-weiss-george-clooney.jpg?ve=1&amp;tl=1 2x\" height=\"523\" width=\"931\"\/><source media=\"(min-width: 1280px)\" srcset=\"https:\/\/a57.foxnews.com\/static.foxnews.com\/foxnews.com\/content\/uploads\/2025\/12\/720\/405\/bari-weiss-george-clooney.jpg?ve=1&amp;tl=1, https:\/\/a57.foxnews.com\/static.foxnews.com\/foxnews.com\/content\/uploads\/2025\/12\/1440\/810\/bari-weiss-george-clooney.jpg?ve=1&amp;tl=1 2x\" height=\"405\" width=\"720\"\/><img loading=\"lazy\" decoding=\"async\" src=\"https:\/\/a57.foxnews.com\/static.foxnews.com\/foxnews.com\/content\/uploads\/2025\/12\/1200\/675\/bari-weiss-george-clooney.jpg?ve=1&amp;tl=1\" alt=\"Bari Weissas ir George'as Clooney\" width=\"1200\" height=\"675\"\/><\/picture><\/div>\n<div class=\"info\">\n<div class=\"caption\">\n<p><span>CBS News vyriausiasis redaktorius Bari Weissas pakviet\u0117 aktori\u0173 George&#8217;\u0105 Clooney apsilankyti CBS transliacij\u0173 centre po to, kai aktorius \u201eVariety\u201c pasak\u0117, kad Weissas \u201ei\u0161ardo CBS News, kol mes kalbame\u201c.<\/span> <span>(Noam Galai \/ Getty Images for The Free Press; Joe Maher \/ Getty Images for BFI)<\/span><\/p>\n<\/div>\n<\/div>\n<\/div>\n<p>Clooney kritikavo ABC ir CBS d\u0117l ie\u0161kini\u0173 su Trumpu i\u0161sprendimo, sakydamas \u201eVariety\u201c, kad tinklai tur\u0117jo vietoj to pasakyti: \u201eEik sau. <\/p>\n<p>CBS ir ABC skyr\u0117 ma\u017eiausiai 16 milijon\u0173 doleri\u0173, kad i\u0161spr\u0119st\u0173 Trumpo i\u0161keltus ie\u0161kinius. Ta\u010diau Clooney, kuris gyveno Pranc\u016bzijoje po to, kai i\u0161naikino savo \u0161eim\u0105, nor\u0117damas pab\u0117gti nuo Holivudo kult\u016bros, nerimauja, kad tinklai neatstojo. <\/p>\n<p><strong>TRUMPAS TEIGIA CBS, \u201e60 MINU\u010cI\u0172\u201c SU JAM \u201eDAUG BLAU\u010cIAU\u201c SUSIKOJO NAUJOJE NUOSAVYB\u0116JE<\/strong><\/p>\n<p>\u201eJei CBS ir ABC b\u016bt\u0173 u\u017egin\u010dys tuos ie\u0161kinius ir sak\u0119: \u201eEik pats\u201c, mes neb\u016btume ten, kur esame \u0161alyje\u201c, \u2013 sak\u0117 Clooney.<\/p>\n<p>\u201eTai labai sunkus metas\u201c, \u2013 t\u0119s\u0117 Clooney. &#8222;Tai gali jus prisl\u0117gti arba labai supykdyti. Ta\u010diau turite rasti pozityviausi\u0105 keli\u0105. Turite nuleisti galv\u0105 ir jud\u0117ti \u012f priek\u012f, nes mesti r\u016bkyti n\u0117ra i\u0161eitis.&#8221;<\/p>\n<p>Interviu metu Clooney taip pat atskleid\u0117, kad nors anks\u010diau draugavo su prezidentu, politin\u0117 \u0161lov\u0117 b\u0117gant metams pakeit\u0117 D. Trump\u0105.<\/p>\n<p><strong><u>SPAUSKITE \u010cIA, nor\u0117dami ATSISI\u0172STI FOX NAUJIEN\u0172 PROGRAM\u0104<\/u><\/strong><\/p>\n<p>\u201eA\u0161 j\u012f labai gerai pa\u017einojau\u201c, \u2013 \u017eurnalui \u201eVariety\u201c pasakojo Clooney. \u201eJis man da\u017enai skambindavo ir kart\u0105 band\u0117 pad\u0117ti patekti \u012f ligonin\u0119 pas nugaros chirurg\u0105. Matydavau j\u012f klubuose ir restoranuose.<\/p>\n<p>&#8222;Jis yra didelis kvailys. Na, jis buvo&#8221;, &#8211; sak\u0117 aktorius. &#8222;Tai viskas pasikeit\u0117.&#8221;<\/p>\n<div class=\"image-ct inline\">\n<div class=\"m\"><picture><source media=\"(max-width: 767px)\" srcset=\"https:\/\/a57.foxnews.com\/static.foxnews.com\/foxnews.com\/content\/uploads\/2025\/12\/343\/192\/donald-trump-north-carolina-rally.jpg?ve=1&amp;tl=1, https:\/\/a57.foxnews.com\/static.foxnews.com\/foxnews.com\/content\/uploads\/2025\/12\/686\/384\/donald-trump-north-carolina-rally.jpg?ve=1&amp;tl=1 2x\" height=\"192\" width=\"343\"\/><source media=\"(min-width: 768px) and (max-width: 1023px)\" srcset=\"https:\/\/a57.foxnews.com\/static.foxnews.com\/foxnews.com\/content\/uploads\/2025\/12\/672\/378\/donald-trump-north-carolina-rally.jpg?ve=1&amp;tl=1, https:\/\/a57.foxnews.com\/static.foxnews.com\/foxnews.com\/content\/uploads\/2025\/12\/1344\/756\/donald-trump-north-carolina-rally.jpg?ve=1&amp;tl=1 2x\" height=\"378\" width=\"672\"\/><source media=\"(min-width: 1024px) and (max-width: 1279px)\" srcset=\"https:\/\/a57.foxnews.com\/static.foxnews.com\/foxnews.com\/content\/uploads\/2025\/12\/931\/523\/donald-trump-north-carolina-rally.jpg?ve=1&amp;tl=1, https:\/\/a57.foxnews.com\/static.foxnews.com\/foxnews.com\/content\/uploads\/2025\/12\/1862\/1046\/donald-trump-north-carolina-rally.jpg?ve=1&amp;tl=1 2x\" height=\"523\" width=\"931\"\/><source media=\"(min-width: 1280px)\" srcset=\"https:\/\/a57.foxnews.com\/static.foxnews.com\/foxnews.com\/content\/uploads\/2025\/12\/720\/405\/donald-trump-north-carolina-rally.jpg?ve=1&amp;tl=1, https:\/\/a57.foxnews.com\/static.foxnews.com\/foxnews.com\/content\/uploads\/2025\/12\/1440\/810\/donald-trump-north-carolina-rally.jpg?ve=1&amp;tl=1 2x\" height=\"405\" width=\"720\"\/><img loading=\"lazy\" decoding=\"async\" src=\"https:\/\/a57.foxnews.com\/static.foxnews.com\/foxnews.com\/content\/uploads\/2025\/12\/1200\/675\/donald-trump-north-carolina-rally.jpg?ve=1&amp;tl=1\" alt=\"Donaldas Trumpas atvyksta \u012f \u0160iaur\u0117s Karolinos miting\u0105\" width=\"1200\" height=\"675\"\/><\/picture><\/div>\n<div class=\"info\">\n<div class=\"caption\">\n<p><span>Prezidentas Donaldas Trumpas atvyksta kalb\u0117ti \u012f kampanijos rengin\u012f 2025 m. gruod\u017eio 19 d. Rocky Mount, NC <\/span> <span>(AP nuotrauka \/ Alexas Brandonas)<\/span><\/p>\n<\/div>\n<\/div>\n<\/div>\n<p><i>Prie \u0161io prane\u0161imo prisid\u0117jo \u201eFox News\u201c atstovas Brianas Floodas ir Laurynas Overhultzas.<\/i><\/p>\n<p> <!----> <\/div>\n<p><a href=\"https:\/\/www.foxnews.com\/media\/trump-tears-average-guy-george-clooney-who-complained-constantly-about-common-sense-politics\"> Nuoroda \u012f informacijos \u0161altin\u012f <\/a><\/p>\n","protected":false},"excerpt":{"rendered":"<p>NAUJIENADabar galite klausytis \u201eFox News\u201c straipsni\u0173! Prezidentas Donaldas Trumpas pasmerk\u0117 George&#8217;\u0105 Clooney kaip \u201evidutin\u012f vaikin\u0105, nuolat besiskund\u017eiant\u012f sveiku protu politikoje\u201c,&hellip;<\/p>\n","protected":false},"author":1,"featured_media":1796,"comment_status":"","ping_status":"","sticky":false,"template":"","format":"standard","meta":{"om_disable_all_campaigns":false,"_monsterinsights_skip_tracking":false,"_monsterinsights_sitenote_active":false,"_monsterinsights_sitenote_note":"","_monsterinsights_sitenote_category":0,"footnotes":""},"categories":[168],"tags":[4078,4077,4080,4079,254,2230,1134,4081,2547,4082,495],"class_list":["post-1795","post","type-post","status-publish","format-standard","has-post-thumbnail","hentry","category-pasaulio-naujienos","tag-clooney","tag-georgea","tag-isvakariu","tag-izeidzianciame","tag-metu","tag-naujuju","tag-smerkia","tag-socialiniame","tag-tiesa","tag-tinkle","tag-trumpas"],"aioseo_notices":[],"_links":{"self":[{"href":"https:\/\/naujienaplius.lt\/index.php\/wp-json\/wp\/v2\/posts\/1795","targetHints":{"allow":["GET"]}}],"collection":[{"href":"https:\/\/naujienaplius.lt\/index.php\/wp-json\/wp\/v2\/posts"}],"about":[{"href":"https:\/\/naujienaplius.lt\/index.php\/wp-json\/wp\/v2\/types\/post"}],"author":[{"embeddable":true,"href":"https:\/\/naujienaplius.lt\/index.php\/wp-json\/wp\/v2\/users\/1"}],"replies":[{"embeddable":true,"href":"https:\/\/naujienaplius.lt\/index.php\/wp-json\/wp\/v2\/comments?post=1795"}],"version-history":[{"count":0,"href":"https:\/\/naujienaplius.lt\/index.php\/wp-json\/wp\/v2\/posts\/1795\/revisions"}],"wp:featuredmedia":[{"embeddable":true,"href":"https:\/\/naujienaplius.lt\/index.php\/wp-json\/wp\/v2\/media\/1796"}],"wp:attachment":[{"href":"https:\/\/naujienaplius.lt\/index.php\/wp-json\/wp\/v2\/media?parent=1795"}],"wp:term":[{"taxonomy":"category","embeddable":true,"href":"https:\/\/naujienaplius.lt\/index.php\/wp-json\/wp\/v2\/categories?post=1795"},{"taxonomy":"post_tag","embeddable":true,"href":"https:\/\/naujienaplius.lt\/index.php\/wp-json\/wp\/v2\/tags?post=1795"}],"curies":[{"name":"wp","href":"https:\/\/api.w.org\/{rel}","templated":true}]}}