{"id":369,"date":"2024-11-29T09:51:53","date_gmt":"2024-11-29T09:51:53","guid":{"rendered":"https:\/\/naujienaplius.lt\/index.php\/2024\/11\/29\/700-000-euru-vertes-es-parama-632-atleistiems-darbuotojams-belgijoje-paremti\/"},"modified":"2024-11-29T09:51:53","modified_gmt":"2024-11-29T09:51:53","slug":"700-000-euru-vertes-es-parama-632-atleistiems-darbuotojams-belgijoje-paremti","status":"publish","type":"post","link":"https:\/\/naujienaplius.lt\/index.php\/2024\/11\/29\/700-000-euru-vertes-es-parama-632-atleistiems-darbuotojams-belgijoje-paremti\/","title":{"rendered":"700 000 eur\u0173 vert\u0117s ES parama 632 atleistiems darbuotojams Belgijoje paremti"},"content":{"rendered":"<p> <br \/>\n<\/p>\n<div id=\"mvp-content-main\">\n<p><strong><em>Parama 632 buvusiems darbuotojams i\u0161 ma\u0161in\u0173 ir popieriaus \u012fmoni\u0173 Purmo ir Sappi Flandrijos Limburgo provincijoje.<\/em><\/strong><\/p>\n<p>Daugelis atleid\u017eiam\u0173 i\u0161 darbo yra susij\u0119 su \u017eemesn\u0117s kvalifikacijos 50 met\u0173 ir vyresniais darbuotojais.<\/p>\n<p>Finansin\u0117s paramos paket\u0105 sudaro konsultavimas ir profesinis orientavimas, pagalba ie\u0161kant darbo, taip pat \u012fg\u016bd\u017ei\u0173 mokymas.<\/p>\n<p>632 ma\u0161in\u0173 ir popieriaus \u012fmoni\u0173 \u201ePurmo\u201c ir \u201eSappi\u201c darbuotojai, netek\u0119 darbo, tur\u0117t\u0173 gauti 700 000 eur\u0173 ES paramos.<\/p>\n<p>Biud\u017eeto komitetas patvirtino Belgijos pra\u0161ym\u0105 skirti 704 135 EUR ES pagalbos per<strong> Europos prisitaikymo prie globalizacijos padarini\u0173 fondas perkeltiesiems darbuotojams <\/strong>(EGF). Pagalba bus skirta 632 buvusiems darbuotojams i\u0161 ma\u0161in\u0173 ir popieriaus \u012fmoni\u0173 Purmo ir Sappi Flandrijos Limburgo provincijoje. EP nariai pa\u017eym\u0117jo, kad perkelt\u0173 darbuotoj\u0173, kuri\u0173 tre\u010ddalis yra 55 met\u0173 ir vyresni, o 30 % \u017eemo i\u0161silavinimo, profiliai sudaro rimtas kli\u016btis darbo rinkoje.<\/p>\n<p>Tiek \u201eSappi Lanaken\u201c, tiek \u201ePurmo Group\u201c tur\u0117jo atleisti darbuotojus d\u0117l ma\u017e\u0117jan\u010dios j\u0173 produkt\u0173 paklausos ir ekonomini\u0173 i\u0161\u0161\u016bki\u0173. \u201eSappi Lanaken\u201c u\u017edar\u0117 gamykl\u0105, nes d\u0117l skaitmeninimo suma\u017e\u0117jo dengto popieriaus be medienos poreikis, o gamybos perk\u0117limas buvo per brangus, o \u201ePurmo Group\u201c Zonhoven gamykla nutrauk\u0117 gamyb\u0105 d\u0117l 60 % suma\u017e\u0117jusio skydini\u0173 radiatori\u0173 poreikio, didesni\u0173 veiklos s\u0105naud\u0173 ir nepalanki\u0173 rinkos s\u0105lyg\u0173, kurioms \u012ftakos tur\u0117jo karas Ukrainoje ir ES teis\u0117s aktai, palank\u016bs alternatyvioms \u0161ildymo sistemoms.<\/p>\n<p>EGF finansavimas pad\u0117s apmok\u0117ti konsultacijas ir profesin\u012f orientavim\u0105, pagalb\u0105 ie\u0161kant darbo, taip pat profesini\u0173, skaitmenini\u0173 ir kalbini\u0173 \u012fg\u016bd\u017ei\u0173 ugdym\u0105. Bendra numatoma \u0161i\u0173 priemoni\u0173 kaina yra 1,2 mln. EUR, 60 % (700 000 EUR) padengia EGF, o likusius 40 % (500 000 EUR) finansuoja Flandrijos u\u017eimtumo ir profesinio mokymo tarnyba (VDAB).<\/p>\n<p><span class=\"mvp-ad-label\">Reklama<\/span><\/p>\n<p><!-- Square Ad EuReporter --><\/p>\n<p><strong>Kiti \u017eingsniai<\/strong><\/p>\n<p>The<strong> ataskaitos projektas<\/strong> prane\u0161\u0117jas<strong> Matja\u017e Nemec<\/strong> (S&#038;D, Slov\u0117nija), rekomendavusiam Parlamentui patvirtinti pagalb\u0105, buvo patvirtinta 29 balsais u\u017e, 1 \u2013 prie\u0161 ir susilaikiusi\u0173 nebuvo. Tikimasi, kad plenarinis pos\u0117dis bus patvirtintas per art\u0117jan\u010di\u0105 gruod\u017eio 16\u201319 d. plenarin\u0119 sesij\u0105 Strasb\u016bre.<\/p>\n<p><strong>Fonas<\/strong><\/p>\n<p>Pagal<strong> EGF reglamentas 2021\u20132027 m<\/strong>fondas remia perkeltus darbuotojus ir savaranki\u0161kai dirban\u010dius asmenis, kurie prarado veikl\u0105 d\u0117l netik\u0117t\u0173 dideli\u0173 restrukt\u016brizavimo \u012fvyki\u0173. Nuo 2007 m. EGF skyr\u0117 696 mln. EUR 180 atvej\u0173 ir suteik\u0117 pagalb\u0105 daugiau nei 169 000 \u017emoni\u0173 20 valstybi\u0173 nari\u0173. EGF remiamos priemon\u0117s papildo nacionalines aktyvias darbo rinkos priemones.<\/p>\n<div id=\"ez-toc-container\" class=\"ez-toc-v2_0_82_2 counter-hierarchy ez-toc-counter ez-toc-grey ez-toc-container-direction\">\n<div class=\"ez-toc-title-container\">\n<p class=\"ez-toc-title\" style=\"cursor:inherit\">Turinys:<\/p>\n<span class=\"ez-toc-title-toggle\"><a href=\"#\" class=\"ez-toc-pull-right ez-toc-btn ez-toc-btn-xs ez-toc-btn-default ez-toc-toggle\" aria-label=\"Toggle Table of Content\"><span class=\"ez-toc-js-icon-con\"><span class=\"\"><span class=\"eztoc-hide\" style=\"display:none;\">Toggle<\/span><span class=\"ez-toc-icon-toggle-span\"><svg style=\"fill: #999;color:#999\" xmlns=\"http:\/\/www.w3.org\/2000\/svg\" class=\"list-377408\" width=\"20px\" height=\"20px\" viewBox=\"0 0 24 24\" fill=\"none\"><path d=\"M6 6H4v2h2V6zm14 0H8v2h12V6zM4 11h2v2H4v-2zm16 0H8v2h12v-2zM4 16h2v2H4v-2zm16 0H8v2h12v-2z\" fill=\"currentColor\"><\/path><\/svg><svg style=\"fill: #999;color:#999\" class=\"arrow-unsorted-368013\" xmlns=\"http:\/\/www.w3.org\/2000\/svg\" width=\"10px\" height=\"10px\" viewBox=\"0 0 24 24\" version=\"1.2\" baseProfile=\"tiny\"><path d=\"M18.2 9.3l-6.2-6.3-6.2 6.3c-.2.2-.3.4-.3.7s.1.5.3.7c.2.2.4.3.7.3h11c.3 0 .5-.1.7-.3.2-.2.3-.5.3-.7s-.1-.5-.3-.7zM5.8 14.7l6.2 6.3 6.2-6.3c.2-.2.3-.5.3-.7s-.1-.5-.3-.7c-.2-.2-.4-.3-.7-.3h-11c-.3 0-.5.1-.7.3-.2.2-.3.5-.3.7s.1.5.3.7z\"\/><\/svg><\/span><\/span><\/span><\/a><\/span><\/div>\n<nav><ul class='ez-toc-list ez-toc-list-level-1 ' ><li class='ez-toc-page-1 ez-toc-heading-level-2'><a class=\"ez-toc-link ez-toc-heading-1\" href=\"https:\/\/naujienaplius.lt\/index.php\/2024\/11\/29\/700-000-euru-vertes-es-parama-632-atleistiems-darbuotojams-belgijoje-paremti\/#Daugiau_informacijos\" >Daugiau informacijos<\/a><ul class='ez-toc-list-level-6' ><li class='ez-toc-heading-level-6'><ul class='ez-toc-list-level-6' ><li class='ez-toc-heading-level-6'><ul class='ez-toc-list-level-6' ><li class='ez-toc-heading-level-6'><ul class='ez-toc-list-level-6' ><li class='ez-toc-heading-level-6'><a class=\"ez-toc-link ez-toc-heading-2\" href=\"https:\/\/naujienaplius.lt\/index.php\/2024\/11\/29\/700-000-euru-vertes-es-parama-632-atleistiems-darbuotojams-belgijoje-paremti\/#EU_Reporter_publikuoja_straipsnius_is_ivairiu_isoriniu_saltiniu_kuriuose_isreiskiamas_platus_poziuriu_spektras_Siuose_straipsniuose_pateiktos_pozicijos_nebutinai_yra_ES_Reporterio_pozicijos\" >EU Reporter publikuoja straipsnius i\u0161 \u012fvairi\u0173 i\u0161orini\u0173 \u0161altini\u0173, kuriuose i\u0161rei\u0161kiamas platus po\u017ei\u016bri\u0173 spektras. \u0160iuose straipsniuose pateiktos pozicijos neb\u016btinai yra ES Reporterio pozicijos.<\/a><\/li><\/ul><\/li><\/ul><\/li><\/ul><\/li><\/ul><\/li><\/ul><\/nav><\/div>\n<h2 class=\"wp-block-heading\"><span class=\"ez-toc-section\" id=\"Daugiau_informacijos\"><\/span><strong>Daugiau informacijos<\/strong><span class=\"ez-toc-section-end\"><\/span><\/h2>\n<p style=\"font-family: Oswald; text-transform: uppercase; padding-top: 7px; font-weight: 500;padding-right: 10px; margin-bottom: 5px !important;\">Pasidalinkite \u0161iuo straipsniu:<\/p>\n<p><!-- AddThis Advanced Settings above via filter on the_content --><!-- AddThis Advanced Settings below via filter on the_content --><!-- AddThis Advanced Settings generic via filter on the_content --><!-- AddThis Share Buttons above via filter on the_content --><!-- AddThis Share Buttons below via filter on the_content --><!-- AddThis Share Buttons generic via filter on the_content -->\t\t\t\t\t\t\t\t\t\t\t\t\t\t\t\t\t\t\t\t\t\t\t\t\t\t\t<\/div>\n<div id=\"mvp-content-bot\">\n\t\t\t\t\t\t\t\t\t\t\t\t\t\t\t\t\t\t\t\t\t\t\t\t\t\t\t\t<!--mvp-post-tags--><\/p>\n<p><h6><span class=\"ez-toc-section\" id=\"EU_Reporter_publikuoja_straipsnius_is_ivairiu_isoriniu_saltiniu_kuriuose_isreiskiamas_platus_poziuriu_spektras_Siuose_straipsniuose_pateiktos_pozicijos_nebutinai_yra_ES_Reporterio_pozicijos\"><\/span>EU Reporter publikuoja straipsnius i\u0161 \u012fvairi\u0173 i\u0161orini\u0173 \u0161altini\u0173, kuriuose i\u0161rei\u0161kiamas platus po\u017ei\u016bri\u0173 spektras. \u0160iuose straipsniuose pateiktos pozicijos neb\u016btinai yra ES Reporterio pozicijos.<span class=\"ez-toc-section-end\"><\/span><\/h6>\n<\/p>\n<p>\t\t\t\t\t\t\t\t\t\t\t\t\t\t<!-- Footer Google Ads --><\/p>\n<p>\t\t\t\t\t\t\t\t\t\t\t\t\t\t<!--posts-nav-link--><br \/>\n\t\t\t\t\t\t\t\t\t\t\t\t\t\t\t\t\t\t\t\t\t\t\t\t\t\t\t\t\t<!--mvp-prev-next-wrap--><\/p>\n<div class=\"mvp-org-wrap\" itemprop=\"publisher\" itemscope=\"\" itemtype=\"https:\/\/schema.org\/Organization\">\n<div class=\"mvp-org-logo\" itemprop=\"logo\" itemscope=\"\" itemtype=\"https:\/\/schema.org\/ImageObject\">\n\t\t\t\t\t\t\t\t\t\t\t\t\t\t\t\t\t\t\t\t\t\t\t\t\t\t\t\t\t\t\t\t\t<br \/>\n\t\t\t\t\t\t\t\t\t\t\t\t\t\t\t\t\t<meta itemprop=\"url\" content=\"https:\/\/www.eureporter.co\/wp-content\/uploads\/2020\/09\/header.png\"\/>\n\t\t\t\t\t\t\t\t\t\t\t\t\t\t\t\t\t\t\t\t\t\t\t\t\t\t\t\t\t\t\t<\/div>\n<p><!--mvp-org-logo--><br \/>\n\t\t\t\t\t\t\t\t\t\t\t\t\t\t\t<meta itemprop=\"name\" content=\"EU Reporter\"\/>\n\t\t\t\t\t\t\t\t\t\t\t\t\t\t<\/div>\n<p><!--mvp-org-wrap-->\n\t\t\t\t\t\t\t\t\t\t\t\t\t<\/div>\n<p><script>\n  !function(f,b,e,v,n,t,s)\n  {if(f.fbq)return;n=f.fbq=function(){n.callMethod?\n  n.callMethod.apply(n,arguments):n.queue.push(arguments)};\n  if(!f._fbq)f._fbq=n;n.push=n;n.loaded=!0;n.version='2.0';\n  n.queue=();t=b.createElement(e);t.async=!0;\n  t.src=v;s=b.getElementsByTagName(e)(0);\n  s.parentNode.insertBefore(t,s)}(window, document,'script',\n  'https:\/\/connect.facebook.net\/en_US\/fbevents.js');\n  fbq('init', '983499669057919');\n  fbq('track', 'PageView');\n<\/script><br \/>\n<br \/><br \/>\n<br \/><a href=\"https:\/\/www.eureporter.co\/economy\/employment\/european-globalisation-adjustment-fund-egf\/2024\/11\/29\/eu-aid-worth-e700000-to-support-632-dismissed-workers-in-belgium\/\">Source link <\/a><\/p>\n","protected":false},"excerpt":{"rendered":"<p>Parama 632 buvusiems darbuotojams i\u0161 ma\u0161in\u0173 ir popieriaus \u012fmoni\u0173 Purmo ir Sappi Flandrijos Limburgo provincijoje. Daugelis atleid\u017eiam\u0173 i\u0161 darbo yra&hellip;<\/p>\n","protected":false},"author":1,"featured_media":370,"comment_status":"","ping_status":"","sticky":false,"template":"","format":"standard","meta":{"om_disable_all_campaigns":false,"_monsterinsights_skip_tracking":false,"_monsterinsights_sitenote_active":false,"_monsterinsights_sitenote_note":"","_monsterinsights_sitenote_category":0,"footnotes":""},"categories":[208],"tags":[1047,1049,1048,959,1046,297,1045],"class_list":["post-369","post","type-post","status-publish","format-standard","has-post-thumbnail","hentry","category-zinios-is-europos","tag-atleistiems","tag-belgijoje","tag-darbuotojams","tag-euru","tag-parama","tag-paremti","tag-vertes"],"aioseo_notices":[],"_links":{"self":[{"href":"https:\/\/naujienaplius.lt\/index.php\/wp-json\/wp\/v2\/posts\/369","targetHints":{"allow":["GET"]}}],"collection":[{"href":"https:\/\/naujienaplius.lt\/index.php\/wp-json\/wp\/v2\/posts"}],"about":[{"href":"https:\/\/naujienaplius.lt\/index.php\/wp-json\/wp\/v2\/types\/post"}],"author":[{"embeddable":true,"href":"https:\/\/naujienaplius.lt\/index.php\/wp-json\/wp\/v2\/users\/1"}],"replies":[{"embeddable":true,"href":"https:\/\/naujienaplius.lt\/index.php\/wp-json\/wp\/v2\/comments?post=369"}],"version-history":[{"count":0,"href":"https:\/\/naujienaplius.lt\/index.php\/wp-json\/wp\/v2\/posts\/369\/revisions"}],"wp:featuredmedia":[{"embeddable":true,"href":"https:\/\/naujienaplius.lt\/index.php\/wp-json\/wp\/v2\/media\/370"}],"wp:attachment":[{"href":"https:\/\/naujienaplius.lt\/index.php\/wp-json\/wp\/v2\/media?parent=369"}],"wp:term":[{"taxonomy":"category","embeddable":true,"href":"https:\/\/naujienaplius.lt\/index.php\/wp-json\/wp\/v2\/categories?post=369"},{"taxonomy":"post_tag","embeddable":true,"href":"https:\/\/naujienaplius.lt\/index.php\/wp-json\/wp\/v2\/tags?post=369"}],"curies":[{"name":"wp","href":"https:\/\/api.w.org\/{rel}","templated":true}]}}