{"id":547,"date":"2024-12-11T15:35:30","date_gmt":"2024-12-11T15:35:30","guid":{"rendered":"https:\/\/naujienaplius.lt\/index.php\/2024\/12\/11\/danielio-penny-gynyba-sveria-piktavaliska-baudziamojo-persekiojimo-ieskini-po-teismo-susikalbejimas-nuo-pat-pradziu\/"},"modified":"2024-12-11T19:26:53","modified_gmt":"2024-12-11T19:26:53","slug":"danielio-penny-gynyba-sveria-piktavaliska-baudziamojo-persekiojimo-ieskini-po-teismo-susikalbejimas-nuo-pat-pradziu","status":"publish","type":"post","link":"https:\/\/naujienaplius.lt\/index.php\/2024\/12\/11\/danielio-penny-gynyba-sveria-piktavaliska-baudziamojo-persekiojimo-ieskini-po-teismo-susikalbejimas-nuo-pat-pradziu\/","title":{"rendered":"Danielio Penny gynyba sveria piktavali\u0161k\u0105 baud\u017eiamojo persekiojimo ie\u0161kin\u012f po teismo: \u201eSusikalb\u0117jimas nuo pat prad\u017ei\u0173\u201c"},"content":{"rendered":"<div>\n<p class=\"speakable\"><a href=\"http:\/\/www.jusukeliones.lt\/\">J\u016br\u0173 p\u0117stinink\u0173<\/a> veterano Danielio Penny gynybos komanda \u017ei\u016bri \u012f piktavali\u0161k\u0105 baud\u017eiamojo persekiojimo ie\u0161kin\u012f prie\u0161 apygardos prokuror\u0105 Alvin\u0105 Bragg\u0105 ir kitus, u\u017e kaltinimus, ir apsivert\u0117 po ilgos didelio atgarsio sulaukusios bylos, kuri baig\u0117si i\u0161teisinamuoju nuosprend\u017eiu.<\/p>\n<p class=\"speakable\">\u201eKaip Danny sak\u0117 savo interviu, atrod\u0117, kad jie nor\u0117jo pabandyti j\u012f k\u0105 nors \u012ftikinti\u201c, \u2013 tre\u010diadien\u012f sak\u0117 Penny gyn\u0117jas Stevenas Raiseris, <a href=\"http:\/\/www.kazinonaujienos.lt\/\">reaguodamas<\/a> \u012f i\u0161teisinam\u0105j\u012f nuosprend\u012f laidoje \u201eFox &amp; Friends\u201c.<\/p>\n<p>\u201eJie \u017einojo, kad <a href=\"http:\/\/www.kelionesgidas.lt\/\">negal\u0117s jo gauti<\/a>, tod\u0117l tur\u0117jo atsikratyti to did\u017eiausio skai\u010diaus, kad pasiekt\u0173 antr\u0105j\u012f skai\u010di\u0173, <a href=\"http:\/\/www.kelioniunaujienos.lt\/\">tik tik\u0117damiesi<\/a>, kad galb\u016bt \u010dia pavyks i\u0161kovoti pergal\u0119. nes\u0117kmingai, a\u010di\u016b Dievui\u201c.<\/p>\n<p><strong><u>DANIEL PENNY PASIEKIA NYC BAR \u0160VENT\u0116S PO I\u0160TEINIMO, LEID\u017dIA TEIS\u0116JOMS KALB\u0116TI<\/u><\/strong><\/p>\n<div class=\"image-ct inline\">\n<div class=\"m\"><picture><source srcset=\"https:\/\/a57.foxnews.com\/static.foxnews.com\/foxnews.com\/content\/uploads\/2024\/11\/343\/192\/daniel-penny-nyc-subway-chokehold-jordan-neely_114.jpg?ve=1&amp;tl=1, https:\/\/a57.foxnews.com\/static.foxnews.com\/foxnews.com\/content\/uploads\/2024\/11\/686\/384\/daniel-penny-nyc-subway-chokehold-jordan-neely_114.jpg?ve=1&amp;tl=1 2x\" media=\"(max-width: 767px)\" \/><source srcset=\"https:\/\/a57.foxnews.com\/static.foxnews.com\/foxnews.com\/content\/uploads\/2024\/11\/672\/378\/daniel-penny-nyc-subway-chokehold-jordan-neely_114.jpg?ve=1&amp;tl=1, https:\/\/a57.foxnews.com\/static.foxnews.com\/foxnews.com\/content\/uploads\/2024\/11\/1344\/756\/daniel-penny-nyc-subway-chokehold-jordan-neely_114.jpg?ve=1&amp;tl=1 2x\" media=\"(min-width: 768px) and (max-width: 1023px)\" \/><source srcset=\"https:\/\/a57.foxnews.com\/static.foxnews.com\/foxnews.com\/content\/uploads\/2024\/11\/931\/523\/daniel-penny-nyc-subway-chokehold-jordan-neely_114.jpg?ve=1&amp;tl=1, https:\/\/a57.foxnews.com\/static.foxnews.com\/foxnews.com\/content\/uploads\/2024\/11\/1862\/1046\/daniel-penny-nyc-subway-chokehold-jordan-neely_114.jpg?ve=1&amp;tl=1 2x\" media=\"(min-width: 1024px) and (max-width: 1279px)\" \/><source srcset=\"https:\/\/a57.foxnews.com\/static.foxnews.com\/foxnews.com\/content\/uploads\/2024\/11\/720\/405\/daniel-penny-nyc-subway-chokehold-jordan-neely_114.jpg?ve=1&amp;tl=1, https:\/\/a57.foxnews.com\/static.foxnews.com\/foxnews.com\/content\/uploads\/2024\/11\/1440\/810\/daniel-penny-nyc-subway-chokehold-jordan-neely_114.jpg?ve=1&amp;tl=1 2x\" media=\"(min-width: 1280px)\" \/><\/picture><\/div>\n<div class=\"info\">\n<div class=\"caption\">\n<p>Danielis Penny atvyksta \u012f Manheteno Auk\u0161\u010diausi\u0105j\u012f teism\u0105, penktadien\u012f, 2024 m. lapkri\u010dio 22 d. (Rashid Umar Abbasi, \u201eFox News Digital\u201c)<\/p>\n<\/div>\n<\/div>\n<\/div>\n<p>Raiseris teig\u0117, kad ie\u0161kinys bus nukreiptas \u012f Bragg\u0105 d\u0117l \u201eetini\u0173 linij\u0173\u201c suliejimo su <a href=\"http:\/\/www.kurortunaujienos.lt\/\">bylos nagrin\u0117jimu<\/a>. Parei\u0161kimas taip pat bus pateiktas medicinos eksperto kabinete, kuris, jo teigimu, susitar\u0117 su Braggo biuru.<\/p>\n<p>\u201e\u012era\u0161as buvo gana ai\u0161kiai parodytas apie jo dalyvavimo mast\u0105 ir tai, kas \u010dia atsitiko\u201c, \u2013 sak\u0117 jis. &#8222;J\u012f paskyr\u0117 meras Adamsas, (kuris priklauso) tai pa\u010diai politinei partijai, kaip ir Alvinas Braggas. Ten buvo susitarta, o <a href=\"http:\/\/www.lazybunaujienos.lt\/\">s\u0105mokslas prasid\u0117jo<\/a> nuo pat \u0161ios bylos prad\u017eios ir iki galo. Apygardos prokurorui reik\u0117jo medicinos eksperto. ir reik\u0117jo, kad medicinos <a href=\"http:\/\/www.maistokatalogas.lt\/\">ekspertas<\/a> veikt\u0173 greitai, ir jis tai padar\u0117\u201c.<\/p>\n<p>Penny buvo apkaltintas antrojo laipsnio \u017emog\u017eudyste ir \u017emog\u017eudyste d\u0117l nusikalstamo neatsargaus 30-me\u010dio benamio Jordano Neely mirties Niujorko metro po to, kai Neely \u012fstrigo u\u017e grasinim\u0173 kitiems keleiviams.<\/p>\n<p><strong><u>DANIELAS PENNYS NUSTATYMAS NEKALTAS SUBWAY CHOCHOLD TEISME<\/u><\/strong><\/p>\n<p><a href=\"http:\/\/www.metagames.lt\/\">Kaltinimas<\/a> d\u0117l \u017emog\u017eudyst\u0117s<a href=\"http:\/\/www.metapasaulis.lt\/\"> buvo panaikintas<\/a> prokurat\u016bros pra\u0161ymu penktadien\u012f, kai prisiekusiesiems du kartus nepavyko pasiekti vieningo susitarimo, tod\u0117l pirmadien\u012f buvo prad\u0117tas svarstyti ma\u017eesnis ir, ko gero, lengviau \u012frodomas kaltinimas \u017emog\u017eudyste d\u0117l nusikalstamo neatsargumo.<\/p>\n<p>Trumpam sugr\u012f\u017e\u0119 prie svarstym\u0173, prisiekusieji pripa\u017eino, kad Penny n\u0117ra kaltas.<\/p>\n<p>Pasibaigus teismo procesui, duodamas interviu \u201eFox News\u201c \u017eurnalistei Jeanine Pirro, Penny teig\u0117, kad nesigaili d\u0117l savo veiksm\u0173 ir kad \u201e<a href=\"http:\/\/www.metazaidimai.lt\/\">negal\u0117t\u0173 gyventi<\/a>\u201c su savimi, jei b\u016bt\u0173 leid\u0119s Neely k\u0105 nors \u012fskaudinti.<\/p>\n<p><strong><u>SPAUSKITE \u010cIA, KAD GAUTI FOX NAUJIEN\u0172 PROGRAM\u0104<\/u><\/strong><\/p>\n<div class=\"article-meta\">\n<div class=\"author-bio\">\n<p>Taylor Penley yra \u201eFox News\u201c asocijuotasis redaktorius.<\/p>\n<\/div>\n<\/div>\n<\/div>\n\n<p><a href=\"https:\/\/www.foxnews.com\/media\/daniel-penny-defense-malicious-prosecution-lawsuit-trial-collusion-beginning\">Source link <\/a><\/p>\n","protected":false},"excerpt":{"rendered":"<p>J\u016br\u0173 p\u0117stinink\u0173 veterano Danielio Penny gynybos komanda \u017ei\u016bri \u012f piktavali\u0161k\u0105 baud\u017eiamojo persekiojimo ie\u0161kin\u012f prie\u0161 apygardos prokuror\u0105 Alvin\u0105 Bragg\u0105 ir kitus,&hellip;<\/p>\n","protected":false},"author":1,"featured_media":548,"comment_status":"closed","ping_status":"closed","sticky":false,"template":"","format":"standard","meta":{"om_disable_all_campaigns":false,"_monsterinsights_skip_tracking":false,"_monsterinsights_sitenote_active":false,"_monsterinsights_sitenote_note":"","_monsterinsights_sitenote_category":0,"footnotes":""},"categories":[168],"tags":[1531,1526,1528,1533,117,1535,1527,1532,1530,1536,1534,1529,250],"class_list":["post-547","post","type-post","status-publish","format-standard","has-post-thumbnail","hentry","category-pasaulio-naujienos","tag-baudziamojo","tag-danielio","tag-gynyba","tag-ieskini","tag-nuo","tag-pat","tag-penny","tag-persekiojimo","tag-piktavaliska","tag-pradziu","tag-susikalbejimas","tag-sveria","tag-teismo"],"aioseo_notices":[],"_links":{"self":[{"href":"https:\/\/naujienaplius.lt\/index.php\/wp-json\/wp\/v2\/posts\/547","targetHints":{"allow":["GET"]}}],"collection":[{"href":"https:\/\/naujienaplius.lt\/index.php\/wp-json\/wp\/v2\/posts"}],"about":[{"href":"https:\/\/naujienaplius.lt\/index.php\/wp-json\/wp\/v2\/types\/post"}],"author":[{"embeddable":true,"href":"https:\/\/naujienaplius.lt\/index.php\/wp-json\/wp\/v2\/users\/1"}],"replies":[{"embeddable":true,"href":"https:\/\/naujienaplius.lt\/index.php\/wp-json\/wp\/v2\/comments?post=547"}],"version-history":[{"count":1,"href":"https:\/\/naujienaplius.lt\/index.php\/wp-json\/wp\/v2\/posts\/547\/revisions"}],"predecessor-version":[{"id":555,"href":"https:\/\/naujienaplius.lt\/index.php\/wp-json\/wp\/v2\/posts\/547\/revisions\/555"}],"wp:featuredmedia":[{"embeddable":true,"href":"https:\/\/naujienaplius.lt\/index.php\/wp-json\/wp\/v2\/media\/548"}],"wp:attachment":[{"href":"https:\/\/naujienaplius.lt\/index.php\/wp-json\/wp\/v2\/media?parent=547"}],"wp:term":[{"taxonomy":"category","embeddable":true,"href":"https:\/\/naujienaplius.lt\/index.php\/wp-json\/wp\/v2\/categories?post=547"},{"taxonomy":"post_tag","embeddable":true,"href":"https:\/\/naujienaplius.lt\/index.php\/wp-json\/wp\/v2\/tags?post=547"}],"curies":[{"name":"wp","href":"https:\/\/api.w.org\/{rel}","templated":true}]}}